{"id":8232,"date":"2009-09-20T02:42:00","date_gmt":"2009-09-20T00:42:00","guid":{"rendered":"http:\/\/niecodziennosc.kubic.info\/index.php\/2009\/09\/20\/beniamin-do-przodu\/"},"modified":"2009-09-20T02:42:00","modified_gmt":"2009-09-20T00:42:00","slug":"beniamin-do-przodu","status":"publish","type":"post","link":"http:\/\/niecodziennosc.kubic.info\/?p=8232","title":{"rendered":"Beniamin do przodu"},"content":{"rendered":"<p><font size=\"2\">Beniaminowi uda\u0142o si\u0119 ju\u017c zrobi\u0107 w\u0142a\u015bciwy u\u017cytek z nocnika. Niesamowite bo nikt go do tego specjalnie nie namawia\u0142. Tyle, \u017ce czasem nietrudno zgadn\u0105\u0107, \u017ce syn gotuje si\u0119 do zrobienia kupki. Zapytali\u015bmy go przy takiej okazji, czy chce na nocnik, i odpowiedzia\u0142, \u017ce tak. Oczywi\u015bcie trzeba mu pom\u00f3c, nie rozbierze si\u0119 sam. No i usiad\u0142 i zrobi\u0142. Nast\u0119pny krok &#8211; gdy sam zacz\u0105\u0142 domaga\u0107 si\u0119 nocnika. Nie jest w stanie tego powiedzie\u0107, ale daje znaki i m\u00f3wi w tonie &quot;domagaj\u0105cym si\u0119&quot;.<\/p>\n<p>Rozmawiamy z Beniaminem, cho\u0107 nie rozumiemy \u017cadnego z jego s\u0142\u00f3w. Ale jest w tej rozmowie intonacja, s\u0105 pytania i odpowiedzi. Bez skr\u0119powania p\u0142yn\u0105 sylaby, ca\u0142e zdania, nawet z\u0142o\u017cone. To fantastyczne, a z drugiej strony &#8211; jaka bariera nas dzieli, jednych od drugich. J\u0119zyk to trudne narz\u0119dzie komunikacji, to jak przeciskanie zwini\u0119tych, zapisanych karteluszk\u00f3w z pokoju do pokoju przez dziurk\u0119 od klucza&#8230;<\/p>\n<p>Fascynuj\u0105ce jest obserwowa\u0107, jak ma\u0142y cz\u0142owiek poznaje. Wygl\u0105da w tym jakby naprawd\u0119 pracowa\u0142. M\u0119czy si\u0119, wi\u0119c potrzebuje spa\u0107, ale po p\u00f3\u0142torej godziny wstaje i zn\u00f3w na nowo, niestrudzenie. Nie znosi si\u0119 nudzi\u0107. \u017be te\u017c mu si\u0119 tak chce. M\u00f3g\u0142by przecie\u017c pole\u017ce\u0107 na kanapie p\u00f3\u0142 dnia, przecie\u017c go nakarmi\u0105, przebior\u0105, opior\u0105. I p\u00f3\u017aniej &#8211; le\u017ce\u0107 znowu. <br \/><\/font><\/p>\n","protected":false},"excerpt":{"rendered":"<p><font ...\n<\/p>\n","protected":false},"author":1,"featured_media":0,"comment_status":"open","ping_status":"open","sticky":false,"template":"","format":"standard","meta":{"footnotes":""},"categories":[179],"tags":[638],"_links":{"self":[{"href":"http:\/\/niecodziennosc.kubic.info\/index.php?rest_route=\/wp\/v2\/posts\/8232"}],"collection":[{"href":"http:\/\/niecodziennosc.kubic.info\/index.php?rest_route=\/wp\/v2\/posts"}],"about":[{"href":"http:\/\/niecodziennosc.kubic.info\/index.php?rest_route=\/wp\/v2\/types\/post"}],"author":[{"embeddable":true,"href":"http:\/\/niecodziennosc.kubic.info\/index.php?rest_route=\/wp\/v2\/users\/1"}],"replies":[{"embeddable":true,"href":"http:\/\/niecodziennosc.kubic.info\/index.php?rest_route=%2Fwp%2Fv2%2Fcomments&post=8232"}],"version-history":[{"count":0,"href":"http:\/\/niecodziennosc.kubic.info\/index.php?rest_route=\/wp\/v2\/posts\/8232\/revisions"}],"wp:attachment":[{"href":"http:\/\/niecodziennosc.kubic.info\/index.php?rest_route=%2Fwp%2Fv2%2Fmedia&parent=8232"}],"wp:term":[{"taxonomy":"category","embeddable":true,"href":"http:\/\/niecodziennosc.kubic.info\/index.php?rest_route=%2Fwp%2Fv2%2Fcategories&post=8232"},{"taxonomy":"post_tag","embeddable":true,"href":"http:\/\/niecodziennosc.kubic.info\/index.php?rest_route=%2Fwp%2Fv2%2Ftags&post=8232"}],"curies":[{"name":"wp","href":"https:\/\/api.w.org\/{rel}","templated":true}]}}