{"id":8238,"date":"2009-09-01T01:34:06","date_gmt":"2009-08-31T23:34:06","guid":{"rendered":"http:\/\/niecodziennosc.kubic.info\/index.php\/2009\/09\/01\/w-mym-swiecie-nie-slysze\/"},"modified":"2009-09-01T01:34:06","modified_gmt":"2009-08-31T23:34:06","slug":"w-mym-swiecie-nie-slysze","status":"publish","type":"post","link":"http:\/\/niecodziennosc.kubic.info\/?p=8238","title":{"rendered":"&#8222;W mym \u015bwiecie nie s\u0142ysz\u0119&#8230;&#8221;"},"content":{"rendered":"<p><font size=\"2\">No to jeszcze tekst piosenki, kt\u00f3ra przez wakacje pojawia\u0142a si\u0119 w mojej g\u0142owie. Krzy\u015bku, pami\u0119tam jak sprzeczali\u015bmy si\u0119 o przedostatni wers &#8211; to by\u0142y czasy, kiedy rzadko wraz z p\u0142ytami otrzymywa\u0142o si\u0119 teksty. Muzyka &#8211; \u015bwietna do tego tekstu, ci\u0105gle j\u0105 s\u0142ysz\u0119&#8230;<\/font><span style=\"font-style: italic;\"><\/p>\n<p>Voo Voo &#8211; Faz<\/span><span style=\"text-decoration: underline;\"><span style=\"font-style: italic;\"><\/p>\n<p><\/span><\/span><font size=\"2\" style=\"font-style: italic;\">Ulepi\u0119 od nowa<br \/>\n<br \/>\nI morza i l\u0105dy<br \/>\n<br \/>\nObsypi\u0119 gar\u015bciami<br \/>\n<br \/>\nPachn\u0105cych \u0142\u0105k<br \/>\n<br \/>\nPozrywam granice<br \/>\n<br \/>\nZadepcz\u0119 ich \u015blad<br \/>\n<br \/>\nI z g\u00f3r czekolady<br \/>\n<br \/>\nZbuduj\u0119 m\u00f3j \u015bwiat <\/p>\n<p>Domy r\u00f3\u017cowe,<br \/>\n<br \/>\nBez okien, bez \u015bcian<br \/>\n<br \/>\nA sn\u00f3w hulajnoga<br \/>\n<br \/>\nZawiezie mnie tam<br \/>\n<br \/>\n\u015amiejecie si\u0119 ze mnie<br \/>\n<br \/>\nNie wiedz\u0105c \u017ce ja<br \/>\n<br \/>\nW mym \u015bwiecie nie s\u0142ysz\u0119<br \/>\n<br \/>\nBo nie ma w nim was<br \/>\n<\/font><\/p>\n","protected":false},"excerpt":{"rendered":"<p><font size=\"2\">No to &#8230;<\/p>\n","protected":false},"author":1,"featured_media":0,"comment_status":"open","ping_status":"open","sticky":false,"template":"","format":"standard","meta":{"footnotes":""},"categories":[27],"tags":[],"_links":{"self":[{"href":"http:\/\/niecodziennosc.kubic.info\/index.php?rest_route=\/wp\/v2\/posts\/8238"}],"collection":[{"href":"http:\/\/niecodziennosc.kubic.info\/index.php?rest_route=\/wp\/v2\/posts"}],"about":[{"href":"http:\/\/niecodziennosc.kubic.info\/index.php?rest_route=\/wp\/v2\/types\/post"}],"author":[{"embeddable":true,"href":"http:\/\/niecodziennosc.kubic.info\/index.php?rest_route=\/wp\/v2\/users\/1"}],"replies":[{"embeddable":true,"href":"http:\/\/niecodziennosc.kubic.info\/index.php?rest_route=%2Fwp%2Fv2%2Fcomments&post=8238"}],"version-history":[{"count":0,"href":"http:\/\/niecodziennosc.kubic.info\/index.php?rest_route=\/wp\/v2\/posts\/8238\/revisions"}],"wp:attachment":[{"href":"http:\/\/niecodziennosc.kubic.info\/index.php?rest_route=%2Fwp%2Fv2%2Fmedia&parent=8238"}],"wp:term":[{"taxonomy":"category","embeddable":true,"href":"http:\/\/niecodziennosc.kubic.info\/index.php?rest_route=%2Fwp%2Fv2%2Fcategories&post=8238"},{"taxonomy":"post_tag","embeddable":true,"href":"http:\/\/niecodziennosc.kubic.info\/index.php?rest_route=%2Fwp%2Fv2%2Ftags&post=8238"}],"curies":[{"name":"wp","href":"https:\/\/api.w.org\/{rel}","templated":true}]}}