{"id":8243,"date":"2009-08-11T12:56:21","date_gmt":"2009-08-11T10:56:21","guid":{"rendered":"http:\/\/niecodziennosc.kubic.info\/index.php\/2009\/08\/11\/egzamin-dojrzalosci\/"},"modified":"2009-08-11T12:56:21","modified_gmt":"2009-08-11T10:56:21","slug":"egzamin-dojrzalosci","status":"publish","type":"post","link":"http:\/\/niecodziennosc.kubic.info\/?p=8243","title":{"rendered":"Egzamin dojrza\u0142o\u015bci"},"content":{"rendered":"<p><font size=\"2\">Nie napisa\u0142em, \u017ce jeste\u015bmy w trakcie rozjazd\u00f3w wakacyjnych \ud83d\ude09 W zasadzie teraz &#8211; 2 dni w domu, \u017ceby upra\u0107 rzeczy, lekarzy poprosi\u0107 o recepty na dalsze \u017cycie i ruszy\u0107 w drog\u0119. <\/p>\n<p>W ramach retrospekcji &#8211; je\u017cd\u017c\u0105c tu i tam trafili\u015bmy na zjawisko pt. park linowy. To tor przeszk\u00f3d z\u0142o\u017cony z lin i tym podobnych, przeznaczony dla dzieci. Sara zapragn\u0119\u0142a go przej\u015b\u0107, z pewno\u015bci\u0105 nie\u015bwiadoma tego, co j\u0105 czeka. Tor jest otoczony siatk\u0105 ochronn\u0105, tak wi\u0119c &quot;odpadni\u0119cie od liny&quot; nie przekre\u015bla dalszej kariery \u017cyciowej dzieciaka. Z kolei z toru nie mo\u017cna wycofa\u0107 si\u0119 &quot;w trakcie&quot; &#8211; nie ma &quot;bocznych wyj\u015b\u0107&quot; \ud83d\ude09<\/p>\n<p>Pocz\u0105tkowa euforia, pierwszy kryzys i ch\u0119\u0107 ucieczki, zm\u0119czenie, strach w oczach &#8211; wszystko to, czego do\u015bwiadczamy w pe\u0142nym dramatyzmu przedsi\u0119wzi\u0119ciu &#8211; by\u0142o r\u00f3wnie\u017c i na tym torze. <\/p>\n<p><img decoding=\"async\" border=\"0\" alt=\"\" src=\"wp-content\/uploads\/2019\/03\/Saraparklinowy.jpg\" \/><\/p>\n<p>Obserwuj\u0105c &quot;z ziemi&quot; walk\u0119 powietrzn\u0105 c\u00f3rki ol\u015bni\u0142o mnie &#8211; nazywanie matury &quot;egzaminem dojrza\u0142o\u015bci&quot; to kompletne nieporozumienie. <\/p>\n<p>Zreszt\u0105 ju\u017c od dawna to podejrzewa\u0142em&#8230; ;-)))<br \/><\/font><\/p>\n","protected":false},"excerpt":{"rendered":"<p><font size=\"2\">Nie &#8230;<\/p>\n","protected":false},"author":1,"featured_media":0,"comment_status":"open","ping_status":"open","sticky":false,"template":"","format":"standard","meta":{"footnotes":""},"categories":[469],"tags":[],"_links":{"self":[{"href":"http:\/\/niecodziennosc.kubic.info\/index.php?rest_route=\/wp\/v2\/posts\/8243"}],"collection":[{"href":"http:\/\/niecodziennosc.kubic.info\/index.php?rest_route=\/wp\/v2\/posts"}],"about":[{"href":"http:\/\/niecodziennosc.kubic.info\/index.php?rest_route=\/wp\/v2\/types\/post"}],"author":[{"embeddable":true,"href":"http:\/\/niecodziennosc.kubic.info\/index.php?rest_route=\/wp\/v2\/users\/1"}],"replies":[{"embeddable":true,"href":"http:\/\/niecodziennosc.kubic.info\/index.php?rest_route=%2Fwp%2Fv2%2Fcomments&post=8243"}],"version-history":[{"count":0,"href":"http:\/\/niecodziennosc.kubic.info\/index.php?rest_route=\/wp\/v2\/posts\/8243\/revisions"}],"wp:attachment":[{"href":"http:\/\/niecodziennosc.kubic.info\/index.php?rest_route=%2Fwp%2Fv2%2Fmedia&parent=8243"}],"wp:term":[{"taxonomy":"category","embeddable":true,"href":"http:\/\/niecodziennosc.kubic.info\/index.php?rest_route=%2Fwp%2Fv2%2Fcategories&post=8243"},{"taxonomy":"post_tag","embeddable":true,"href":"http:\/\/niecodziennosc.kubic.info\/index.php?rest_route=%2Fwp%2Fv2%2Ftags&post=8243"}],"curies":[{"name":"wp","href":"https:\/\/api.w.org\/{rel}","templated":true}]}}