{"id":8245,"date":"2009-07-16T23:39:41","date_gmt":"2009-07-16T21:39:41","guid":{"rendered":"http:\/\/niecodziennosc.kubic.info\/index.php\/2009\/07\/16\/pepa\/"},"modified":"2009-07-16T23:39:41","modified_gmt":"2009-07-16T21:39:41","slug":"pepa","status":"publish","type":"post","link":"http:\/\/niecodziennosc.kubic.info\/?p=8245","title":{"rendered":"Pep\u0103"},"content":{"rendered":"<p><font size=\"2\">Wiele wra\u017ce\u0144, niewiele si\u0142, by je opisa\u0107. Mo\u017ce to jedno &#8211; &quot;<\/font><font size=\"2\">pep\u0103<\/font><font size=\"2\">&quot;. Wieczorem, ko\u0142o 19:00 wyruszyli\u015bmy &#8211; Beniamin i ja &#8211; na rowerze na podb\u00f3j placu zabaw. Jedziemy w\u0105sk\u0105 wyasfaltowan\u0105 uliczk\u0105, p\u00f3\u017aniej skrajem cmentarza. Potem przez roz\u015bwierszczone pole wysokich traw, kt\u00f3rych nikt nie kosi. Wzd\u0142u\u017c betonowego muru docieramy do stoj\u0105cej na skraju osiedla ciep\u0142owni. Tam stoi <\/font><font size=\"2\">pep\u0103. <\/font><font size=\"2\">Dla wyja\u015bnienia &#8211; <\/font><font size=\"2\">&quot;\u0103&quot; <\/font><font size=\"2\"><font size=\"2\">to rumu\u0144ska samog\u0142oska, kt\u00f3rej d\u017awi\u0119k znajduje si\u0119 pomi\u0119dzy polskimi &quot;a&quot; i &quot;e&quot;. <\/p>\n<p><img decoding=\"async\" border=\"0\" src=\"wp-content\/uploads\/2019\/03\/beniamin.jpg\" alt=\"\" \/><br \/><\/font><br \/><font size=\"2\">&quot;K O M I N&quot; &#8211; m\u00f3wi\u0119, &quot;komin&quot;! <br \/><\/font><\/font><font size=\"2\">&quot;P<\/font><font size=\"2\">ep\u0103<\/font><font size=\"2\">&quot; &#8211; odpowiada Beniamin<\/font><font size=\"2\">, z nabo\u017cn\u0105 twarz\u0105 i wyci\u0105gni\u0119tym w g\u00f3r\u0119 palcem wskazuj\u0105cym. <\/font><font size=\"2\">P<\/font><font size=\"2\">ep\u0103 g\u00f3ruje nad osiedlem, wbija si\u0119 w niebo. Ch\u0142opiec powraca do niej co chwila, jakby do totemu, b\u00f3stwa jakiego\u015b, spe\u0142niaj\u0105cego piecz\u0119 nad tym ludzkim zbiorowiskiem. Troch\u0119 zastanawiaj\u0105ce, \u017ce <\/font><font size=\"2\">&quot;p<\/font><font size=\"2\">ep\u0103&quot; jest podobne do angielskiego &quot;pipe&quot;. I tu niewielka pomy\u0142ka, co do tej prostackiej rury z lat 80-tych. <\/font><font size=\"2\">&quot;P<\/font><font size=\"2\">ep\u0103<\/font><font size=\"2\">&quot; brzmi<\/font><font size=\"2\"> jednak bardziej mistycznie, dlatego podziwiam ch\u0142opaka, \u017ce w prostym i kr\u00f3tkim s\u0142owie potrafi\u0142 po\u0142\u0105czy\u0107 tak odleg\u0142e skojarzenia \ud83d\ude09\u00a0 <\/font><\/p>\n","protected":false},"excerpt":{"rendered":"<p><font size=\"2\">Wiele &#8230;<\/p>\n","protected":false},"author":1,"featured_media":0,"comment_status":"open","ping_status":"open","sticky":false,"template":"","format":"standard","meta":{"footnotes":""},"categories":[27],"tags":[],"_links":{"self":[{"href":"http:\/\/niecodziennosc.kubic.info\/index.php?rest_route=\/wp\/v2\/posts\/8245"}],"collection":[{"href":"http:\/\/niecodziennosc.kubic.info\/index.php?rest_route=\/wp\/v2\/posts"}],"about":[{"href":"http:\/\/niecodziennosc.kubic.info\/index.php?rest_route=\/wp\/v2\/types\/post"}],"author":[{"embeddable":true,"href":"http:\/\/niecodziennosc.kubic.info\/index.php?rest_route=\/wp\/v2\/users\/1"}],"replies":[{"embeddable":true,"href":"http:\/\/niecodziennosc.kubic.info\/index.php?rest_route=%2Fwp%2Fv2%2Fcomments&post=8245"}],"version-history":[{"count":0,"href":"http:\/\/niecodziennosc.kubic.info\/index.php?rest_route=\/wp\/v2\/posts\/8245\/revisions"}],"wp:attachment":[{"href":"http:\/\/niecodziennosc.kubic.info\/index.php?rest_route=%2Fwp%2Fv2%2Fmedia&parent=8245"}],"wp:term":[{"taxonomy":"category","embeddable":true,"href":"http:\/\/niecodziennosc.kubic.info\/index.php?rest_route=%2Fwp%2Fv2%2Fcategories&post=8245"},{"taxonomy":"post_tag","embeddable":true,"href":"http:\/\/niecodziennosc.kubic.info\/index.php?rest_route=%2Fwp%2Fv2%2Ftags&post=8245"}],"curies":[{"name":"wp","href":"https:\/\/api.w.org\/{rel}","templated":true}]}}