{"id":8247,"date":"2009-07-10T23:57:59","date_gmt":"2009-07-10T21:57:59","guid":{"rendered":"http:\/\/niecodziennosc.kubic.info\/index.php\/2009\/07\/10\/kilka-slow-o-foto\/"},"modified":"2009-07-10T23:57:59","modified_gmt":"2009-07-10T21:57:59","slug":"kilka-slow-o-foto","status":"publish","type":"post","link":"http:\/\/niecodziennosc.kubic.info\/?p=8247","title":{"rendered":"Kilka s\u0142\u00f3w o foto"},"content":{"rendered":"<p><font size=\"2\">Powiem Wam, \u017ce mam do\u015b\u0107 zdj\u0119\u0107. Ogl\u0105dania zdj\u0119\u0107 przede wszystkim, ale te\u017c analizowania cudzych zdj\u0119\u0107, uk\u0142adania w\u0142asnych zdj\u0119\u0107, my\u015blenia o tej ideologii, dla kt\u00f3rej fotografuj\u0119, tworz\u0119 jaki\u015b zestaw&#8230; Przegl\u0105dn\u0105\u0142em ostatnio zdj\u0119cia z Grand Press Photo oraz BZWBK Press Photo i opr\u00f3cz tego, \u017ce powtarza si\u0119 do\u015b\u0107 spora ilo\u015b\u0107 nagrodzonych zdj\u0119\u0107, to irytuj\u0105ca jest estetyka tych zdj\u0119\u0107. Pomimo tego, \u017ce zdj\u0119cia reporta\u017cowe powinny odzwierciedla\u0107 rzeczywisto\u015b\u0107, to nigdy nie wiadomo do ko\u0144ca, jak wygl\u0105da\u0142a fotografia pierwotna. Co prawda przy obr\u00f3bce zdj\u0119cia dozwolone s\u0105 niekt\u00f3re techniki, odpowiedniki tych, kt\u00f3re stosuje si\u0119 w ciemni fotograficznej po powi\u0119kszalnikiem, ale te odpowiedniki w Photoshopie daj\u0105 naprawd\u0119 ogromne mo\u017cliwo\u015bci modyfikacji zdj\u0119\u0107. I &quot;upi\u0119kszania&quot; jednocze\u015bnie. <\/p>\n<p>Jednocze\u015bnie mam w pami\u0119ci wystawy z Miesi\u0105ca Fotografii &#8211; zupe\u0142nie inne w tre\u015bci i formie. W tym wszystkim szukam miejsca dla siebie i doprawdy nie wiem&#8230; <br \/><\/font><\/p>\n","protected":false},"excerpt":{"rendered":"<p><font size=\"2\">Powiem &#8230;<\/p>\n","protected":false},"author":1,"featured_media":0,"comment_status":"open","ping_status":"open","sticky":false,"template":"","format":"standard","meta":{"footnotes":""},"categories":[35],"tags":[],"_links":{"self":[{"href":"http:\/\/niecodziennosc.kubic.info\/index.php?rest_route=\/wp\/v2\/posts\/8247"}],"collection":[{"href":"http:\/\/niecodziennosc.kubic.info\/index.php?rest_route=\/wp\/v2\/posts"}],"about":[{"href":"http:\/\/niecodziennosc.kubic.info\/index.php?rest_route=\/wp\/v2\/types\/post"}],"author":[{"embeddable":true,"href":"http:\/\/niecodziennosc.kubic.info\/index.php?rest_route=\/wp\/v2\/users\/1"}],"replies":[{"embeddable":true,"href":"http:\/\/niecodziennosc.kubic.info\/index.php?rest_route=%2Fwp%2Fv2%2Fcomments&post=8247"}],"version-history":[{"count":0,"href":"http:\/\/niecodziennosc.kubic.info\/index.php?rest_route=\/wp\/v2\/posts\/8247\/revisions"}],"wp:attachment":[{"href":"http:\/\/niecodziennosc.kubic.info\/index.php?rest_route=%2Fwp%2Fv2%2Fmedia&parent=8247"}],"wp:term":[{"taxonomy":"category","embeddable":true,"href":"http:\/\/niecodziennosc.kubic.info\/index.php?rest_route=%2Fwp%2Fv2%2Fcategories&post=8247"},{"taxonomy":"post_tag","embeddable":true,"href":"http:\/\/niecodziennosc.kubic.info\/index.php?rest_route=%2Fwp%2Fv2%2Ftags&post=8247"}],"curies":[{"name":"wp","href":"https:\/\/api.w.org\/{rel}","templated":true}]}}