{"id":8278,"date":"2009-05-06T22:29:34","date_gmt":"2009-05-06T20:29:34","guid":{"rendered":"http:\/\/niecodziennosc.kubic.info\/index.php\/2009\/05\/06\/duma-i-inspiracje\/"},"modified":"2009-05-06T22:29:34","modified_gmt":"2009-05-06T20:29:34","slug":"duma-i-inspiracje","status":"publish","type":"post","link":"http:\/\/niecodziennosc.kubic.info\/?p=8278","title":{"rendered":"Duma i inspiracje"},"content":{"rendered":"<p><font size=\"2\">Tak sobie \u017cartowa\u0142em, \u017ce powinienem przesta\u0107 pisa\u0107 bloga, a tymczasem bij\u0119 rekordy, to ju\u017c trzeci wpis dzisiaj. Tak, ta niekonsekwencja b\u0119dzie mia\u0142a swoj\u0105 konsekwencj\u0119. <\/p>\n<p>Ju\u017c dawno mia\u0142em napisa\u0107 &#8211; co\u015b, o czym warto. <\/p>\n<p>Babcia kupi\u0142a Sarze ksi\u0105\u017ceczk\u0119 &#8211; historie biblijne &#8211; na wyprzeda\u017cy &#8211; za jakie\u015b pi\u0119\u0107 z\u0142otych czy co\u015b takiego. Rzut oka i&#8230; Fascynuj\u0105ca perspektywa! Izraelici pod g\u00f3r\u0105 Synaj. Przerzucam strony &#8211; Izraelici przechodz\u0105 przez morze &#8211; widok, kt\u00f3ry wywo\u0142uje dreszcz. Widzia\u0142em nie tak ma\u0142o rysunk\u00f3w tego momentu, ale w tym jest donios\u0142o\u015b\u0107 chwili, strach, nadzieja, przyw\u00f3dztwo, ma\u0142o\u015b\u0107 cz\u0142owieka i wielko\u015b\u0107 tego, kt\u00f3rego nie wida\u0107. Ogl\u0105dam dalej &#8211; rysunki fascynuj\u0105ce, z rozmachem, cho\u0107 w ma\u0142ej ksi\u0105\u017ceczce, przemy\u015blane, zakomponowane nieruchome obrazy, kt\u00f3re o\u017cywaj\u0105 w oczach. Szukam nazwy rysownika. No tak. Marek Szyszko. <\/p>\n<p>Justyna Kowalczyk. Niewiele mog\u0119 powiedzie\u0107 konkretnego o jej sukcesie, spotka\u0142em go gdzie\u015b mimochodem, na stronach przerzucanych przy okazji gazet. Wystarczy\u0142o. <\/p>\n<p>Tomasz Wiech, reporter, znany mi g\u0142\u00f3wnie ze zdj\u0119\u0107 w krakowskiej Wyborczej, zdobywca jednej z nagr\u00f3d World Press Photo. Jego zdj\u0119cia, zw\u0142aszcza te ostatnie (niekoniecznie te z dziennika), maj\u0105 w sobie mniej z teatralno\u015bci, a wi\u0119cej z ludzkich uczu\u0107. <\/p>\n<p>Ci ludzie ucieszyli mnie bardzo. W og\u00f3lnym ba\u0142aganie, d\u017cungli panuj\u0105cej wok\u00f3\u0142, organizacyjnej, politycznej beznadziei, wszechobecnym &quot;ratuj si\u0119 kto mo\u017ce&quot;, &quot;wszystkie chwyty dozwolone&quot;&#8230; Dzi\u015b zn\u00f3w przejecha\u0142em kilka ulic w centrum na rowerze, i zn\u00f3w nie mog\u0142em si\u0119 op\u0119dzi\u0107 od my\u015bli, \u017ce nazywanie &quot;\u015bcie\u017ckami rowerowymi&quot; tego, co tam jest, to produkt jakiej\u015b paranoi. No dobrze, ale mia\u0142o by\u0107 o dumie i inspiracji, wi\u0119c&#8230;\u00a0 S\u0105 jednak ludzie, kt\u00f3rzy robi\u0105 co\u015b dobrze! To fantastyczne! Po prostu\u00a0 &#8211; fantastyczne. <br \/><\/font><\/p>\n","protected":false},"excerpt":{"rendered":"<p><font size=\"2\">Tak sobie&#8230;<\/p>\n","protected":false},"author":1,"featured_media":0,"comment_status":"open","ping_status":"open","sticky":false,"template":"","format":"standard","meta":{"footnotes":""},"categories":[24],"tags":[],"_links":{"self":[{"href":"http:\/\/niecodziennosc.kubic.info\/index.php?rest_route=\/wp\/v2\/posts\/8278"}],"collection":[{"href":"http:\/\/niecodziennosc.kubic.info\/index.php?rest_route=\/wp\/v2\/posts"}],"about":[{"href":"http:\/\/niecodziennosc.kubic.info\/index.php?rest_route=\/wp\/v2\/types\/post"}],"author":[{"embeddable":true,"href":"http:\/\/niecodziennosc.kubic.info\/index.php?rest_route=\/wp\/v2\/users\/1"}],"replies":[{"embeddable":true,"href":"http:\/\/niecodziennosc.kubic.info\/index.php?rest_route=%2Fwp%2Fv2%2Fcomments&post=8278"}],"version-history":[{"count":0,"href":"http:\/\/niecodziennosc.kubic.info\/index.php?rest_route=\/wp\/v2\/posts\/8278\/revisions"}],"wp:attachment":[{"href":"http:\/\/niecodziennosc.kubic.info\/index.php?rest_route=%2Fwp%2Fv2%2Fmedia&parent=8278"}],"wp:term":[{"taxonomy":"category","embeddable":true,"href":"http:\/\/niecodziennosc.kubic.info\/index.php?rest_route=%2Fwp%2Fv2%2Fcategories&post=8278"},{"taxonomy":"post_tag","embeddable":true,"href":"http:\/\/niecodziennosc.kubic.info\/index.php?rest_route=%2Fwp%2Fv2%2Ftags&post=8278"}],"curies":[{"name":"wp","href":"https:\/\/api.w.org\/{rel}","templated":true}]}}