{"id":8283,"date":"2009-04-20T22:33:25","date_gmt":"2009-04-20T20:33:25","guid":{"rendered":"http:\/\/niecodziennosc.kubic.info\/index.php\/2009\/04\/20\/przyjeta\/"},"modified":"2009-04-20T22:33:25","modified_gmt":"2009-04-20T20:33:25","slug":"przyjeta","status":"publish","type":"post","link":"http:\/\/niecodziennosc.kubic.info\/?p=8283","title":{"rendered":"Przyj\u0119ta"},"content":{"rendered":"<p><font size=\"2\">Przekraczam pr\u00f3g przedszkola &#8211; budynek w stylu socjalistycznym, wej\u015bcie z du\u017cymi oknami, ale osadzonymi w \u017celaznych ramach &#8211; estetyka odbiegaj\u0105ca od wsp\u00f3\u0142czesnej. W korytarzu tu\u017c za wej\u015bciem &#8211; k\u00f3\u0142eczko dzieci. Przy jednym stoi pani, w r\u0119ce &#8211; kijek.<br \/>&#8211; Uspok\u00f3j si\u0119, bo jak ci przy\u0142o\u017c\u0119!&#8230;<br \/>Jak za starych, moich, dobrych oczywi\u015bcie, czas\u00f3w. <br \/>&#8211; Dzie\u0144 dobry &#8211; m\u00f3wi\u0119. Pani kieruje na mnie pytaj\u0105cy wzrok, ale ju\u017c dostrzeg\u0142a moj\u0105 min\u0119, ju\u017c wie, \u017ce pomy\u015bla\u0142em o projekcie nowej ustawy w sprawie przemocy wobec dzieci. &#8211; Przyszed\u0142em zobaczy\u0107 wyniki.<br \/>&#8211; Tutaj, na tablicy &#8211; wskazuje. <br \/>&#8211; Dzi\u0119kuj\u0119. <br \/>Rzucam szybko okiem. Jest? Nie ma?? Przecie\u017c ma by\u0107 pod &quot;ku&quot;. No i jest! Sprawdzam jeszcze raz i jeszcze &#8211; ba, mog\u0142o mi si\u0119 przewidzie\u0107. Ale dostrzegam wyra\u017anie &#8211; pod numerem 60. Sara. <br \/>Przegl\u0105dam inne og\u0142oszenia, zaczynam je czyta\u0107, a pani odbiera to jako zagubienie. I spieszy mi z pomoc\u0105. <br \/>&#8211; Tutaj jest lista przyj\u0119tych, a tam lista rezerwowych&#8230; <br \/>&#8211; Tak tak, ju\u017c wiem. <br \/>&#8211; Jak si\u0119 nazywa pa\u0144skie dziecko? &#8211; jest zbyt uprzejma. <br \/>&#8211; Ale\u017c prosz\u0119 pani, dzi\u0119kuj\u0119, jeszcze umiem znale\u017a\u0107, przynajmniej tak mi si\u0119 wydaje. <br \/>\u017be te\u017c musz\u0119 od razu podpada\u0107! T\u0105 min\u0105, t\u0105 ustaw\u0105 (cho\u0107by tylko w my\u015blach) i tym sarkazmem!<\/p>\n<p>Wr\u00f3ci\u0142em do og\u0142osze\u0144. &quot;Dyrekcja przedszkola informuje&#8230;&quot;, &quot;Rodzice zobowi\u0105zani s\u0105&#8230;&quot;, &quot;Zaj\u0119cia taneczne&#8230;&quot;, &quot;Op\u0142aty za&#8230;&quot;, &quot;R\u00f3\u017cnica w zachowaniu dziecka w domu i w przedszkolu&#8230;&quot; Zrozumia\u0142em, \u017ce za kilka miesi\u0119cy rozpocznie si\u0119 nowy rozdzia\u0142, i \u017ce Sara wejdzie w tryby, a my razem z ni\u0105. I tak ju\u017c przez nast\u0119pne kilkana\u015bcie lat. A w zasadzie do emerytury &#8211; jej emerytury &#8211; kt\u00f3rej ja nie spodziewam si\u0119 ju\u017c zobaczy\u0107. <\/p>\n<p>Wychodz\u0105c zauwa\u017cy\u0142em, \u017ce wszystkie dzieci maj\u0105 kijki takie, jak pani prowadz\u0105ca. A, to s\u0105 zaj\u0119cia ruchowe! Wi\u0119c mo\u017ce nie jest tu tak strasznie. <\/p>\n<p><img decoding=\"async\" border=\"0\" src=\"wp-content\/uploads\/2019\/03\/IMG_2718.jpg\" alt=\"\" \/><\/p>\n<p>Sara i jej autoportret<br \/><\/font><\/p>\n","protected":false},"excerpt":{"rendered":"<p><font ...\n<\/p>\n","protected":false},"author":1,"featured_media":0,"comment_status":"open","ping_status":"open","sticky":false,"template":"","format":"standard","meta":{"footnotes":""},"categories":[469],"tags":[],"_links":{"self":[{"href":"http:\/\/niecodziennosc.kubic.info\/index.php?rest_route=\/wp\/v2\/posts\/8283"}],"collection":[{"href":"http:\/\/niecodziennosc.kubic.info\/index.php?rest_route=\/wp\/v2\/posts"}],"about":[{"href":"http:\/\/niecodziennosc.kubic.info\/index.php?rest_route=\/wp\/v2\/types\/post"}],"author":[{"embeddable":true,"href":"http:\/\/niecodziennosc.kubic.info\/index.php?rest_route=\/wp\/v2\/users\/1"}],"replies":[{"embeddable":true,"href":"http:\/\/niecodziennosc.kubic.info\/index.php?rest_route=%2Fwp%2Fv2%2Fcomments&post=8283"}],"version-history":[{"count":0,"href":"http:\/\/niecodziennosc.kubic.info\/index.php?rest_route=\/wp\/v2\/posts\/8283\/revisions"}],"wp:attachment":[{"href":"http:\/\/niecodziennosc.kubic.info\/index.php?rest_route=%2Fwp%2Fv2%2Fmedia&parent=8283"}],"wp:term":[{"taxonomy":"category","embeddable":true,"href":"http:\/\/niecodziennosc.kubic.info\/index.php?rest_route=%2Fwp%2Fv2%2Fcategories&post=8283"},{"taxonomy":"post_tag","embeddable":true,"href":"http:\/\/niecodziennosc.kubic.info\/index.php?rest_route=%2Fwp%2Fv2%2Ftags&post=8283"}],"curies":[{"name":"wp","href":"https:\/\/api.w.org\/{rel}","templated":true}]}}