{"id":8284,"date":"2009-04-20T17:23:39","date_gmt":"2009-04-20T15:23:39","guid":{"rendered":"http:\/\/niecodziennosc.kubic.info\/index.php\/2009\/04\/20\/podryw-na-aparat\/"},"modified":"2009-04-20T17:23:39","modified_gmt":"2009-04-20T15:23:39","slug":"podryw-na-aparat","status":"publish","type":"post","link":"http:\/\/niecodziennosc.kubic.info\/?p=8284","title":{"rendered":"Podryw na aparat"},"content":{"rendered":"<p><font size=\"2\">W sobot\u0119: realizuj\u0119 dwa przedstawienia. Mi\u0119dzy nimi &#8211; przerwa 45 minut. W pracy mam rower, stary, 22 letni. Wyci\u0105gam go, wypadam na ulic\u0119. P\u0119dz\u0119 na Rynek, p\u0119dz\u0119 mi\u0119dzy lud\u017ami, p\u0119dz\u0119 przeskakuj\u0105c szyny dawnego tramwaju &#8211; na ulicy Szewskiej. Dogoni\u0107 mnie mog\u0105 tylko spojrzenia. Szum powietrza w uszach, szum opon, szum sobotniego Rynku, szumi wreszcie i w g\u0142owie. <\/p>\n<p>Patrz\u0119 &#8211; idzie Go\u015bka, z naszego teatru. Z ni\u0105 &#8211; nieznajoma dziewczyna, o pozytywnej energii promieniuj\u0105cej z twarzy. Skini\u0119cie d\u0142oni, pozdrawiam. Gadu gadu. Przypominam sobie, \u017ce mam w plecaku aparat. Gestem przyci\u0105gam t\u0119 nieznan\u0105 mi twarz &#8211; warto zrobi\u0107 jej zdj\u0119cie, wi\u0119c bli\u017cej, bli\u017cej. Pionowy kadr, p\u00f3\u017aniej poziomy, troch\u0119 w lewo, pokazuj\u0119 d\u0142oni\u0105 gdzie patrze\u0107. Trzaska migawka, najwy\u017cej sze\u015b\u0107 razy. Przechodz\u0105cy obok facet, z paskiem EOS DIGITAL na szyi, wo\u0142a:<br \/>&#8211; Podryw na aparat? Trzeba sobie kupi\u0107 lepszy!<br \/>&#8211; To nie zale\u017cy od aparatu! &#8211; odpowiadam. C\u00f3\u017c, w\u0142a\u015bnie takiego paska si\u0119 pozby\u0142em, a aparat oklei\u0142em zielon\u0105 ta\u015bm\u0105, \u017ceby nie wygl\u0105da\u0142 za dobrze.<br \/>&#8211; A od czego?<br \/>&#8211; To pan nie wie? <\/p>\n<p>Gdy p\u00f3\u017aniej w teatrze pytam Go\u015bk\u0119 o imi\u0119 i adres tej dziewczyny, s\u0142ysz\u0119: <br \/>&#8211; Co\u015b ty, przecie\u017c to W&#8230;R&#8230;.!<br \/>&#8230;<br \/>&#8230;<br \/>&#8230;<br \/>&#8211; Acha&#8230;<\/p>\n<p><img decoding=\"async\" border=\"0\" src=\"wp-content\/uploads\/2019\/03\/weronika1www.jpg\" alt=\"\" \/><\/p>\n<p>(&quot;Kto nie wie, niech nie pyta.&quot; A propos &#8211; z czego to jest cytat?)<br \/><\/font><\/p>\n","protected":false},"excerpt":{"rendered":"<p><font size=\"2\">W sobot\u0119:&#8230;<\/p>\n","protected":false},"author":1,"featured_media":0,"comment_status":"open","ping_status":"open","sticky":false,"template":"","format":"standard","meta":{"footnotes":""},"categories":[50],"tags":[],"_links":{"self":[{"href":"http:\/\/niecodziennosc.kubic.info\/index.php?rest_route=\/wp\/v2\/posts\/8284"}],"collection":[{"href":"http:\/\/niecodziennosc.kubic.info\/index.php?rest_route=\/wp\/v2\/posts"}],"about":[{"href":"http:\/\/niecodziennosc.kubic.info\/index.php?rest_route=\/wp\/v2\/types\/post"}],"author":[{"embeddable":true,"href":"http:\/\/niecodziennosc.kubic.info\/index.php?rest_route=\/wp\/v2\/users\/1"}],"replies":[{"embeddable":true,"href":"http:\/\/niecodziennosc.kubic.info\/index.php?rest_route=%2Fwp%2Fv2%2Fcomments&post=8284"}],"version-history":[{"count":0,"href":"http:\/\/niecodziennosc.kubic.info\/index.php?rest_route=\/wp\/v2\/posts\/8284\/revisions"}],"wp:attachment":[{"href":"http:\/\/niecodziennosc.kubic.info\/index.php?rest_route=%2Fwp%2Fv2%2Fmedia&parent=8284"}],"wp:term":[{"taxonomy":"category","embeddable":true,"href":"http:\/\/niecodziennosc.kubic.info\/index.php?rest_route=%2Fwp%2Fv2%2Fcategories&post=8284"},{"taxonomy":"post_tag","embeddable":true,"href":"http:\/\/niecodziennosc.kubic.info\/index.php?rest_route=%2Fwp%2Fv2%2Ftags&post=8284"}],"curies":[{"name":"wp","href":"https:\/\/api.w.org\/{rel}","templated":true}]}}