{"id":8287,"date":"2009-04-14T01:15:03","date_gmt":"2009-04-13T23:15:03","guid":{"rendered":"http:\/\/niecodziennosc.kubic.info\/index.php\/2009\/04\/14\/na-skraju\/"},"modified":"2009-04-14T01:15:03","modified_gmt":"2009-04-13T23:15:03","slug":"na-skraju","status":"publish","type":"post","link":"http:\/\/niecodziennosc.kubic.info\/?p=8287","title":{"rendered":"Na skraju"},"content":{"rendered":"<p><font size=\"2\">Po po\u0142udniu poszli\u015bmy na spacer &#8211; ja, Sara i Beniamin. Spora cz\u0119\u015b\u0107 naszych spacer\u00f3w ma miejsce przy cmentarzu, albo nawet na nim samym. \u015acie\u017cka na osiedle prowadzi wzd\u0142u\u017c grob\u00f3w, jest to obecny skraj cmentarza. Ale z czasem przesunie si\u0119 on w d\u00f3\u0142, w lewo, tam, gdzie teraz wysokie chaszcze i wyasfaltowana alejka, prowadz\u0105ca na razie do nik\u0105d. <\/p>\n<p>Skraje cmentarzy, tych z mniejszym staraniem, znaczone s\u0105 pryzmami przepalonych zniczy i pobrudzonych kwiat\u00f3w, g\u0142\u00f3wnie sztucznych. Nawet je\u015bli stoj\u0105 tam kontenery, to przepe\u0142niaj\u0105 si\u0119 zanim zostan\u0105 wywiezione, i tkwi\u0105 tak, obok pryzm. Przechodzili\u015bmy obok jednego z nich, rzuci\u0142 mi si\u0119 w oczy wrak wielkiego znicza o br\u0105zowym szkle. Le\u017ca\u0142 na stosie brudnych, sztucznych \u0142odyg i p\u0142atk\u00f3w. Sarze spodoba\u0142y si\u0119 &quot;a la r\u00f3\u017ce&quot;, wystaj\u0105ce tu\u017c przy ziemi. <br \/>&#8211; Sp\u00f3jrz tatu\u015b, jakie pi\u0119kne. <br \/>Pi\u0119kne? Nie wiem. Wiem na pewno, \u017ce s\u0105 ufajdane b\u0142otem i wygl\u0105daj\u0105 okropnie smutnie. <br \/>&#8211; Mog\u0119 wzi\u0105\u0107? Do domu.<br \/>Nie wiem znowu. Przypuszczam, jaka krytyka mnie tam p\u00f3\u017aniej czeka. Ale przecie\u017c&#8230; czy to nie pi\u0119kne, \u017ce moje dziecko zachwyca si\u0119 tym czym\u015b&#8230;? Ze \u015bmietnika, a nie ze sklepu?<br \/>Nie chcia\u0142em wydobywa\u0107 z pryzmy ca\u0142ego &quot;bukietu&quot;. Urwa\u0142em sam kielich, poda\u0142em Sarze i poszli\u015bmy dalej. <\/p>\n<p>Przegl\u0105danie \u015bmieci i zbieranie tych szczeg\u00f3lnych sta\u0142o si\u0119 esencj\u0105 spaceru. Wybory nie by\u0142y pochopne, nie wszystko zas\u0142ugiwa\u0142o na miano &quot;pi\u0119knego&quot;. Wr\u00f3cili\u015bmy do domu, tam zaj\u0105\u0142em si\u0119 Beniaminem. Gdy po chwili zagl\u0105dn\u0105\u0142em do korytarza, zobaczy\u0142em, \u017ce na pierwszym schodzie Sara roz\u0142o\u017cy\u0142a &quot;skarby&quot;. I wznosz\u0105c gestykuluj\u0105ce r\u0119ce m\u00f3wi\u0142a:<br \/>&#8211; Babciu, zobacz, jakie pi\u0119kne! Nie zabra\u0142am ich nikomu, by\u0142y wyrzucone. Patrz, a tu jest brokat!<br \/>Babcia zwr\u00f3ci\u0142a ku mnie na\u0142adowan\u0105 sceptycyzmem twarz. Ale zauwa\u017cy\u0142em, \u017ce jej oczy by\u0142y bardziej szkliste ni\u017c zwykle. <\/p>\n<p><img decoding=\"async\" border=\"0\" alt=\"\" src=\"wp-content\/uploads\/2019\/03\/IMG_2714.jpg\" \/><br \/><\/font><\/p>\n","protected":false},"excerpt":{"rendered":"<p><font size=\"2\">Po &#8230;<\/p>\n","protected":false},"author":1,"featured_media":0,"comment_status":"open","ping_status":"open","sticky":false,"template":"","format":"standard","meta":{"footnotes":""},"categories":[469],"tags":[],"_links":{"self":[{"href":"http:\/\/niecodziennosc.kubic.info\/index.php?rest_route=\/wp\/v2\/posts\/8287"}],"collection":[{"href":"http:\/\/niecodziennosc.kubic.info\/index.php?rest_route=\/wp\/v2\/posts"}],"about":[{"href":"http:\/\/niecodziennosc.kubic.info\/index.php?rest_route=\/wp\/v2\/types\/post"}],"author":[{"embeddable":true,"href":"http:\/\/niecodziennosc.kubic.info\/index.php?rest_route=\/wp\/v2\/users\/1"}],"replies":[{"embeddable":true,"href":"http:\/\/niecodziennosc.kubic.info\/index.php?rest_route=%2Fwp%2Fv2%2Fcomments&post=8287"}],"version-history":[{"count":0,"href":"http:\/\/niecodziennosc.kubic.info\/index.php?rest_route=\/wp\/v2\/posts\/8287\/revisions"}],"wp:attachment":[{"href":"http:\/\/niecodziennosc.kubic.info\/index.php?rest_route=%2Fwp%2Fv2%2Fmedia&parent=8287"}],"wp:term":[{"taxonomy":"category","embeddable":true,"href":"http:\/\/niecodziennosc.kubic.info\/index.php?rest_route=%2Fwp%2Fv2%2Fcategories&post=8287"},{"taxonomy":"post_tag","embeddable":true,"href":"http:\/\/niecodziennosc.kubic.info\/index.php?rest_route=%2Fwp%2Fv2%2Ftags&post=8287"}],"curies":[{"name":"wp","href":"https:\/\/api.w.org\/{rel}","templated":true}]}}