{"id":8348,"date":"2008-11-21T23:05:07","date_gmt":"2008-11-21T22:05:07","guid":{"rendered":"http:\/\/niecodziennosc.kubic.info\/index.php\/2008\/11\/21\/mojej-przyjaciolki\/"},"modified":"2008-11-21T23:05:07","modified_gmt":"2008-11-21T22:05:07","slug":"mojej-przyjaciolki","status":"publish","type":"post","link":"http:\/\/niecodziennosc.kubic.info\/?p=8348","title":{"rendered":"Mojej przyjaci\u00f3\u0142ki"},"content":{"rendered":"<p><font size=\"2\">Deszcz noc\u0105. Tajemniczy. Na szybie p\u0119dz\u0105cego samochodu, w\u015br\u00f3d mroku. Czy to ju\u017c \u015bnieg? S\u0142ucham CB radia, m\u00f3wi\u0105, \u017ce idzie &#8211; od p\u00f3\u0142nocy. Nadchodzi jak potw\u00f3r Buka z Doliny Mumink\u00f3w, tym straszniejszy, \u017ce w snach &#8211; moich jako dziecka. Dziecka, kt\u00f3re czasem ba\u0142o si\u0119 zasn\u0105\u0107, by zn\u00f3w nie nadesz\u0142a.\u00a0 <\/font><font size=\"2\"><\/p>\n<p>Nie wiem jak odda\u0107 to fascynuj\u0105ce natchnienie gdy tkwi\u0119 w jad\u0105cym samochodzie w \u015brodku nocy, gdy zawiewa wiatr i rozrzuca ziarna zimy. Gdybym si\u0119 zatrzyma\u0142 w polach i wyszed\u0142 na zewn\u0105trz, to bardziej ba\u0142bym si\u0119 zab\u0142\u0105kanego szale\u0144ca, ni\u017c tej pogody &#8211; dla mnie pi\u0119knej, mojej przyjaci\u00f3\u0142ki, kt\u00f3ra rozumie mnie i zna na wylot. Si\u0119ga wprost do serca, gdy rozpinam na piersi kurtk\u0119. <\/p>\n<p>W domu &#8211; Sara nie \u015bpi, babcia za\u0142amuje r\u0119ce, jakby przytrafi\u0142a si\u0119 Sarze ospa. My naprawd\u0119 nie mamy wi\u0119kszych problem\u00f3w&#8230;? Gasz\u0119 \u015bwiat\u0142o, uchylam okno, tajemniczy powiew zagl\u0105da do pokoju. Za oknem lampa uliczna wypuszcza k\u0142\u0119by deszczo\u015bniegu. &quot;Sara, mam dla ciebie wiadomo\u015b\u0107. Czeka\u0142a\u015b na zim\u0119, i jutro, kiedy si\u0119 obudzisz, to pewnie b\u0119dzie le\u017ca\u0142 \u015bnieg&quot;. Odpowiada mi jej r\u00f3wny oddech. <\/p>\n<p>&quot;Kocham ci\u0119, Sara&quot;. <\/p>\n<p>Istnieje chwila tylko ta, zawsze jest &quot;teraz&quot;. Gdyby mia\u0142a nie istnie\u0107 po niej nast\u0119pna, gdyby kt\u00f3re\u015b z nas mia\u0142o nie obudzi\u0107 si\u0119 jutro rano, to pozostan\u0105 jako ostatnie te s\u0142owa. Najwa\u017cniejsze. <\/p>\n<p>Cho\u0107 czy komu\u015b przydatne? Je\u015bli potem tylko niebyt&#8230; Kto je doceni, kto odczuje, komu dadz\u0105 cokolwiek, je\u015bli ju\u017c nigdy nie mieliby\u015bmy si\u0119 spotka\u0107&#8230;<br \/><\/font><\/p>\n","protected":false},"excerpt":{"rendered":"<p><font size=\"2\">Deszcz &#8230;<\/p>\n","protected":false},"author":1,"featured_media":0,"comment_status":"open","ping_status":"open","sticky":false,"template":"","format":"standard","meta":{"footnotes":""},"categories":[27],"tags":[],"_links":{"self":[{"href":"http:\/\/niecodziennosc.kubic.info\/index.php?rest_route=\/wp\/v2\/posts\/8348"}],"collection":[{"href":"http:\/\/niecodziennosc.kubic.info\/index.php?rest_route=\/wp\/v2\/posts"}],"about":[{"href":"http:\/\/niecodziennosc.kubic.info\/index.php?rest_route=\/wp\/v2\/types\/post"}],"author":[{"embeddable":true,"href":"http:\/\/niecodziennosc.kubic.info\/index.php?rest_route=\/wp\/v2\/users\/1"}],"replies":[{"embeddable":true,"href":"http:\/\/niecodziennosc.kubic.info\/index.php?rest_route=%2Fwp%2Fv2%2Fcomments&post=8348"}],"version-history":[{"count":0,"href":"http:\/\/niecodziennosc.kubic.info\/index.php?rest_route=\/wp\/v2\/posts\/8348\/revisions"}],"wp:attachment":[{"href":"http:\/\/niecodziennosc.kubic.info\/index.php?rest_route=%2Fwp%2Fv2%2Fmedia&parent=8348"}],"wp:term":[{"taxonomy":"category","embeddable":true,"href":"http:\/\/niecodziennosc.kubic.info\/index.php?rest_route=%2Fwp%2Fv2%2Fcategories&post=8348"},{"taxonomy":"post_tag","embeddable":true,"href":"http:\/\/niecodziennosc.kubic.info\/index.php?rest_route=%2Fwp%2Fv2%2Ftags&post=8348"}],"curies":[{"name":"wp","href":"https:\/\/api.w.org\/{rel}","templated":true}]}}