{"id":8410,"date":"2008-07-10T02:26:20","date_gmt":"2008-07-10T00:26:20","guid":{"rendered":"http:\/\/niecodziennosc.kubic.info\/index.php\/2008\/07\/10\/magisterium-z-pralki-polar\/"},"modified":"2008-07-10T02:26:20","modified_gmt":"2008-07-10T00:26:20","slug":"magisterium-z-pralki-polar","status":"publish","type":"post","link":"http:\/\/niecodziennosc.kubic.info\/?p=8410","title":{"rendered":"Magisterium z pralki (Polar)"},"content":{"rendered":"<p><font size=\"2\">G\u0142os w telefonie:<br \/>&#8211; Kochanie, pralka nie dzia\u0142a.<br \/>&#8211; To znaczy co si\u0119 dzieje?<br \/>&#8211; Leje. Bardzo.<br \/>&#8211; Kt\u00f3r\u0119dy?<br \/>&#8211; Chyba spod pojemnika na proszek. Przez uszczelk\u0119.<br \/>&#8211; Acha&#8230; <br \/>Niewa\u017cne, \u017ce &quot;spod pojemnika na proszek&quot; raczej wyklucza si\u0119 z &quot;przez uszczelk\u0119&quot;&#8230; problem pozostaje.<\/p>\n<p>Za ka\u017cdym razem, gdy s\u0142ysz\u0119 podobne zdanie, obiecuj\u0119 sobie, \u017ce wi\u0119cej nie kupimy Polaru. Wydawa\u0142o mi si\u0119, \u017ce pralka powinna popracowa\u0107 przynajmniej dziesi\u0119\u0107 lat bez wi\u0119kszego b\u00f3lu. Niestety, t\u0119 pralk\u0119 pozna\u0142em zbyt dobrze w ci\u0105gu tych dziesi\u0119ciu lat, aby nazwa\u0107 t\u0119 znajomo\u015b\u0107: bez b\u00f3lu. <\/p>\n<p>Jedz\u0105c kolacj\u0119 zastanawia\u0142em si\u0119, czy porozmawiam z ni\u0105 po dobroci czy si\u0142\u0105. Ale w ko\u0144cu to ona dyktuje warunki. Szybko okaza\u0142o si\u0119, \u017ce woda przelewa si\u0119, bo pralka nie wyczuwa, kiedy powinna przesta\u0107 j\u0105 pobiera\u0107. Odpowiedzialny za to jest ma\u0142y czujnik ci\u015bnienia, do kt\u00f3rego prowadzi rureczka, pod\u0142\u0105czona drugim ko\u0144cem z doln\u0105 cz\u0119\u015bci\u0105 b\u0119bna. Podczas pobierania wody s\u0142up cieczy <\/font><font size=\"2\">w rureczce <\/font><font size=\"2\">podnosi si\u0119 powoduj\u0105c wzrost ci\u015bnienia w czujniku, wygi\u0119cie membrany i rozwarcie styk\u00f3w elektrycznych. Sam czujnik posiada regulacj\u0119 i mo\u017cna go kalibrowa\u0107, nawet samemu. <\/p>\n<p>Mo\u017cliwe powody awarii: <br \/>1) zatkana rureczka,<br \/>2) rozszczelnienie rureczki lub jej po\u0142\u0105cze\u0144, <br \/>3) rozkalibrowanie czujnika.<\/p>\n<p>Ad1) By to sprawdzi\u0107 naj\u0142atwiej przedmucha\u0107 rureczk\u0119 p\u0142ucami. Je\u015bli nie mo\u017cna liczy\u0107 na obce, trzeba zaanga\u017cowa\u0107 w\u0142asne.<\/p>\n<p>Ad2) Po od\u0142\u0105czeniu czujnika mo\u017cna to sprawdzi\u0107 dmuchaj\u0105c w rureczk\u0119 podczas gdy w b\u0119bnie znajduje si\u0119 woda. Je\u015bli s\u0142ycha\u0107 bulgot bez \u017cadnych dodatkowych d\u017awi\u0119k\u00f3w &#8211; powinno by\u0107 OK. Natomiast samo po\u0142\u0105czenie z czujnikiem nale\u017cy sprawdzi\u0107 zak\u0142adaj\u0105c <\/font><font size=\"2\">solidnie <\/font><font size=\"2\">na niego rureczk\u0119, pos\u0142uguj\u0105c si\u0119 przy tym wszelkimi dost\u0119pnymi zmys\u0142ami &#8211; dotykiem, wzrokiem, w\u0119chem i tak dalej. <\/p>\n<p>Ad3) Wst\u0119pnie mo\u017cna sprawdzi\u0107 dmuchaj\u0105c w czujnik i s\u0142uchaj\u0105c &quot;cykania&quot;. Oceniaj\u0105c, jak mocno trzeba dmuchn\u0105\u0107 aby &quot;cykn\u0119\u0142o&quot;. <\/p>\n<p>UWAGA! Podczas dmuchania lepiej wy\u0142\u0105czy\u0107 pralk\u0119 z kontaktu, poniewa\u017c podczas tej operacji styki elektryczne, si\u0142\u0105 rzeczy, musz\u0105 znale\u017a\u0107 si\u0119 bardzo blisko ust. Szkoda straci\u0107, cho\u0107by tylko na jaki\u015b czas, przyjemno\u015b\u0107 z picia piwa, o innych sprawach nie wspominaj\u0105c. <\/p>\n<p>A wi\u0119c jednak punkt 3. Wst\u0119pne kalibrowanie &#8211; poprzez dmuchanie. Kalibrowanie ostateczne &#8211; podczas pracy pralki, obserwuj\u0105c przez okienko poziom wody, i kr\u0119c\u0105c odpowiedni\u0105 \u015brubk\u0105. Uwaga na kable elektryczne! Jest w nich prawdziwe 230 Volt\u00f3w, sprawdzi\u0142em to kiedy\u015b na w\u0142asnych palcach. <\/p>\n<p>Jestem szcz\u0119\u015bliwy, pralka wreszcie pierze, proszek si\u0119 pieni. Na wszelki wypadek zostawiam jeszcze obok narz\u0119dzia, to taki przes\u0105d, a mo\u017ce \u017ceby j\u0105 troch\u0119 postraszy\u0107. Oczywi\u015bcie, \u017ce nie zakr\u0119cam obudowy \u015brubkami &#8211; nie robi\u0119 tego ju\u017c od lat! ;-)))<\/p>\n<p>&#8212;&#8212;&#8212;&#8211;<\/p>\n<p>Dwa lata wcze\u015bniej. <br \/>Dzwoni\u0119 do firmy Polar, w s\u0142uchawce s\u0142ysz\u0119 \u017ce\u0144ski g\u0142os. Chodzi mi o w\u0119\u017cyki prowadz\u0105ce od elektrozawor\u00f3w do pojemnika na proszek &#8211; pytam, gdzie mog\u0119 je kupi\u0107. Odpowied\u017a brzmi &#8211; tych w\u0119\u017cyk\u00f3w ju\u017c nie ma, bo pralka nie jest produkowana. Nie ma w magazynie, mo\u017ce s\u0105 w jakich\u015b sklepach, ale w jakich i gdzie &#8211; tego pani z Polaru nie mo\u017ce wskaza\u0107.<br \/>&#8211; Co mam robi\u0107? &#8211; pytam &#8211; przecie\u017c mam wasz produkt, kt\u00f3rego nie mog\u0119 u\u017cywa\u0107, a kt\u00f3ry przecie\u017c nie jest jeszcze tak stary. <br \/>&#8211; Nie wiem, prosz\u0119 pana, niech pan szuka.<br \/>&#8211; Ale gdzie? Skoro pani nie mo\u017ce mi niczego wskaza\u0107, to gdzie mam szuka\u0107??<br \/>&#8211; Nie wiem. Nic panu wi\u0119cej nie powiem. <br \/>W\u0142a\u015bnie dlatego jeszcze d\u0142ugo nie kupi\u0119 niczego z Polaru. <br \/><\/font><\/p>\n","protected":false},"excerpt":{"rendered":"<p><font size=\"2\">G\u0142os w &#8230;<\/p>\n","protected":false},"author":1,"featured_media":0,"comment_status":"open","ping_status":"open","sticky":false,"template":"","format":"standard","meta":{"footnotes":""},"categories":[50],"tags":[],"_links":{"self":[{"href":"http:\/\/niecodziennosc.kubic.info\/index.php?rest_route=\/wp\/v2\/posts\/8410"}],"collection":[{"href":"http:\/\/niecodziennosc.kubic.info\/index.php?rest_route=\/wp\/v2\/posts"}],"about":[{"href":"http:\/\/niecodziennosc.kubic.info\/index.php?rest_route=\/wp\/v2\/types\/post"}],"author":[{"embeddable":true,"href":"http:\/\/niecodziennosc.kubic.info\/index.php?rest_route=\/wp\/v2\/users\/1"}],"replies":[{"embeddable":true,"href":"http:\/\/niecodziennosc.kubic.info\/index.php?rest_route=%2Fwp%2Fv2%2Fcomments&post=8410"}],"version-history":[{"count":0,"href":"http:\/\/niecodziennosc.kubic.info\/index.php?rest_route=\/wp\/v2\/posts\/8410\/revisions"}],"wp:attachment":[{"href":"http:\/\/niecodziennosc.kubic.info\/index.php?rest_route=%2Fwp%2Fv2%2Fmedia&parent=8410"}],"wp:term":[{"taxonomy":"category","embeddable":true,"href":"http:\/\/niecodziennosc.kubic.info\/index.php?rest_route=%2Fwp%2Fv2%2Fcategories&post=8410"},{"taxonomy":"post_tag","embeddable":true,"href":"http:\/\/niecodziennosc.kubic.info\/index.php?rest_route=%2Fwp%2Fv2%2Ftags&post=8410"}],"curies":[{"name":"wp","href":"https:\/\/api.w.org\/{rel}","templated":true}]}}