{"id":8412,"date":"2008-07-02T00:11:21","date_gmt":"2008-07-01T22:11:21","guid":{"rendered":"http:\/\/niecodziennosc.kubic.info\/index.php\/2008\/07\/02\/banalne\/"},"modified":"2008-07-02T00:11:21","modified_gmt":"2008-07-01T22:11:21","slug":"banalne","status":"publish","type":"post","link":"http:\/\/niecodziennosc.kubic.info\/?p=8412","title":{"rendered":"Banalne"},"content":{"rendered":"<p><span class=\"Apple-style-span\" style=\"font-size: small; \">Byli\u015bmy razem w Parku Wodnym, p\u00f3\u017aniej w sklepach. W drodze do domu usn\u0119\u0142a w samochodzie. Gdy zasypia\u0142a wieczorem troch\u0119 si\u0119 pok\u0142\u00f3cili\u015bmy. Po chwili wyci\u0105ga\u0142a do mnie r\u0119k\u0119, m\u00f3wi\u0142a &#8211; tausiu, ju\u017c nie b\u0119d\u0119, ju\u017c ci\u0119 s\u0142ucham.\u00a0<\/span><\/p>\n<div><span class=\"Apple-style-span\" style=\"font-size: 13px; \"><br \/><\/span><\/div>\n<div><span class=\"Apple-style-span\" style=\"font-size: 13px; \">Mam wra\u017cenie, \u017ce \u017cyj\u0119 w innym \u015bwiecie, i \u017ce to lada chwila mo\u017ce si\u0119 on sko\u0144czy\u0107, znikn\u0105\u0107 jak ba\u0144ka mydlana&#8230;<\/span><\/div>\n<div><span class=\"Apple-style-span\" style=\"font-size: 13px; \"><br \/><\/span><\/div>\n<div><span class=\"Apple-style-span\" style=\"font-size: 13px; \">Na zaj\u0119ciach z fotografii s\u0142ysz\u0119 czasem, \u017ce jakie\u015b zdj\u0119cie jest banalne.\u00a0<\/span><\/div>\n<div><span class=\"Apple-style-span\" style=\"font-size: 13px; \">\u017be tak powiem &#8211; chrzani\u0119 to. \u017bycie jest banalne, uczucia s\u0105 banalne. Najpi\u0119kniejsze chwile s\u0105 banalne.\u00a0<\/span><\/div>\n<div>\n<div><\/div>\n<div><\/div>\n<div><img decoding=\"async\" src=\"wp-content\/uploads\/2019\/03\/Sara.jpg\" alt=\"\" border=\"0\" \/><\/div>\n<\/div>\n","protected":false},"excerpt":{"rendered":"<p><span ...\n<\/p>\n","protected":false},"author":1,"featured_media":0,"comment_status":"open","ping_status":"open","sticky":false,"template":"","format":"standard","meta":{"footnotes":""},"categories":[469],"tags":[],"_links":{"self":[{"href":"http:\/\/niecodziennosc.kubic.info\/index.php?rest_route=\/wp\/v2\/posts\/8412"}],"collection":[{"href":"http:\/\/niecodziennosc.kubic.info\/index.php?rest_route=\/wp\/v2\/posts"}],"about":[{"href":"http:\/\/niecodziennosc.kubic.info\/index.php?rest_route=\/wp\/v2\/types\/post"}],"author":[{"embeddable":true,"href":"http:\/\/niecodziennosc.kubic.info\/index.php?rest_route=\/wp\/v2\/users\/1"}],"replies":[{"embeddable":true,"href":"http:\/\/niecodziennosc.kubic.info\/index.php?rest_route=%2Fwp%2Fv2%2Fcomments&post=8412"}],"version-history":[{"count":0,"href":"http:\/\/niecodziennosc.kubic.info\/index.php?rest_route=\/wp\/v2\/posts\/8412\/revisions"}],"wp:attachment":[{"href":"http:\/\/niecodziennosc.kubic.info\/index.php?rest_route=%2Fwp%2Fv2%2Fmedia&parent=8412"}],"wp:term":[{"taxonomy":"category","embeddable":true,"href":"http:\/\/niecodziennosc.kubic.info\/index.php?rest_route=%2Fwp%2Fv2%2Fcategories&post=8412"},{"taxonomy":"post_tag","embeddable":true,"href":"http:\/\/niecodziennosc.kubic.info\/index.php?rest_route=%2Fwp%2Fv2%2Ftags&post=8412"}],"curies":[{"name":"wp","href":"https:\/\/api.w.org\/{rel}","templated":true}]}}