{"id":8413,"date":"2008-06-30T22:58:01","date_gmt":"2008-06-30T20:58:01","guid":{"rendered":"http:\/\/niecodziennosc.kubic.info\/index.php\/2008\/06\/30\/najszczesliwszy\/"},"modified":"2008-06-30T22:58:01","modified_gmt":"2008-06-30T20:58:01","slug":"najszczesliwszy","status":"publish","type":"post","link":"http:\/\/niecodziennosc.kubic.info\/?p=8413","title":{"rendered":"Najszcz\u0119\u015bliwszy"},"content":{"rendered":"<p><font size=\"2\">Kasiu i Krzy\u015bku<\/p>\n<p>Wasze dwa tak r\u00f3\u017cne, ale obydwa krzepi\u0105ce mnie komentarze&#8230;<\/p>\n<p>Kasiu, chcia\u0142bym odpowiedzie\u0107 na Twoje pytania, ale trudno mi Ci\u0119 nasyci\u0107 \ud83d\ude09 Beniamin jest nieca\u0142e dwa tygodnie w domu, dopiero. Oceniam, \u017ce jest du\u017co bardziej wra\u017cliwy ni\u017c Sara w jego wieku. Kiedy przyszed\u0142 do domu wydawa\u0142 mi si\u0119 ogromnie zal\u0119kniony. <\/p>\n<p>Trudno powiedzie\u0107 jak Sara go przyj\u0119\u0142a, bo to dopiero pocz\u0105tek przecie\u017c. Lubi Beniamina, pami\u0119ta o nim, g\u0142aszcze go, ale nie ci\u0105gnie jej do niego zbytnio. Sara powiedzia\u0142a raz, \u017ce denerwuje j\u0105 jego p\u0142acz. Powiedzia\u0142em, \u017ce mnie te\u017c denerwuje. Wtedy wszyscy byli\u015bmy troch\u0119 przybici, bo ch\u0142opak p\u0142aka\u0142 rozdzieraj\u0105co, trudno by\u0142o go u\u015bpi\u0107, trudno by\u0142o to zrozumie\u0107. <\/p>\n<p>Sarze brak kontaktu z mam\u0105, objawia si\u0119 to tym, \u017ce czasem po prostu rosn\u0105 jej \u0142zy w oczach. Kiedy pytam: &quot;chcesz do mamy?&quot; ona kiwa g\u0142ow\u0105 i p\u0142acze. Ale dzi\u0119ki tej sytuacji Sara i ja zbli\u017cyli\u015bmy si\u0119 do siebie, Sara ma te\u017c swoje kole\u017canki-kuzynki, z kt\u00f3rymi du\u017co si\u0119 bawi. W pogotowiu jest ulubiona babcia. Nigdy bym nie przypuszcza\u0142, \u017ce z trzyletnim dzieckiem mo\u017cna prowadzi\u0107 powa\u017cne rozmowy na argumenty, przekonywa\u0107 je, otwiera\u0107 ju\u017c przed nim pewne abstrakcyjne mechanizmy z \u017cycia ludzi. <\/p>\n<p>Jak to jest mie\u0107 ch\u0142opaka&#8230;? Nie wiem jeszcze. Na razie pozostaj\u0105 mi marzenia o tym, kiedy b\u0119dzie du\u017cy. Jaki b\u0119dzie? Czy wi\u0119kszo\u015b\u0107 ch\u0142opc\u00f3w jest taka zal\u0119kniona na pocz\u0105tku? Pr\u00f3buj\u0119 nawi\u0105za\u0107 z nim jaki\u015b bli\u017cszy kontakt, ale na razie to tylko marzenia, oczywi\u015bcie. Jakby powoli pojawia\u0142 si\u0119 na ko\u0144cu d\u0142ugiego tunelu o nazwie &quot;nie\u015bwiadomo\u015b\u0107&quot;. Proste odruchy &#8211; uspokojenie jako reakcja na bezpiecze\u0144stwo, i dramatyczny p\u0142acz na strach, osamotnienie, b\u00f3l, spowodowany cho\u0107by dotkni\u0119ciem.<\/p>\n<p>Jednak ten okres jest z pewno\u015bci\u0105 jednym z najpi\u0119kniejszych w moim \u017cyciu. Zastanawiam si\u0119, jak go wykorzysta\u0107 najlepiej, by wynie\u015b\u0107 co\u015b na gorsze czasy. Nie chodz\u0119 do pracy, jest pocz\u0105tek lata, ziele\u0144, ciep\u0142ymi wieczorami \u015bpiewaj\u0105 ptaki, czy to mo\u017cliwe, \u017ce raz trafi\u0142 si\u0119 s\u0142owik? Jestem w raju. Moja kobieta kwitnie, przygl\u0105dam si\u0119 z przyjemno\u015bci\u0105 nowym odcieniom jej przyjemnych nastroj\u00f3w. Ciesz\u0119 si\u0119, \u017ce z ni\u0105 jestem. Z Sar\u0105 je\u017adzimy do centrum miasteczka na rowerze, za\u0142atwiamy r\u00f3\u017cne sprawy, np. becikowe. Karmimy kaczki w parku, spotykamy inne dzieci na placach zabaw, w parku we w\u00f3zkach, pchanych przez ich mamy. <\/p>\n<p>Jestem szcz\u0119\u015bliwy pomimo tego, \u017ce czasem czuj\u0119 si\u0119 okropnie zm\u0119czony. Niekiedy walcz\u0119 ze zm\u0119czeniem ca\u0142ymi dniami&#8230; Czasem trudno odsun\u0105\u0107 od siebie my\u015bl, \u017ce ju\u017c nigdy nie poczuj\u0119 si\u0119 dobrze, i \u017ce chcia\u0142bym jako\u015b zako\u0144czy\u0107 ten b\u00f3l. W jednym takim momencie przypomnia\u0142em sobie babci\u0119 przed 20 laty, gdy g\u0142ow\u0105 wskazuj\u0105c mur cmentarny powiedzia\u0142a &#8211; chcia\u0142abym ju\u017c tam by\u0107. Wtedy wydawa\u0142o mi si\u0119 to nienormalne. <\/font><\/p>\n<p><font size=\"2\">Domy\u015blam si\u0119, \u017ce na wp\u00f3\u0142 ukryte emocje wychodz\u0105 ze mnie teraz, objawiaj\u0105c si\u0119 zm\u0119czeniem. Czekam, a\u017c to przejdzie&#8230;.<br \/><\/font><\/p>\n","protected":false},"excerpt":{"rendered":"<p><font size=\"2\">Kasiu i &#8230;<\/p>\n","protected":false},"author":1,"featured_media":0,"comment_status":"open","ping_status":"open","sticky":false,"template":"","format":"standard","meta":{"footnotes":""},"categories":[50],"tags":[],"_links":{"self":[{"href":"http:\/\/niecodziennosc.kubic.info\/index.php?rest_route=\/wp\/v2\/posts\/8413"}],"collection":[{"href":"http:\/\/niecodziennosc.kubic.info\/index.php?rest_route=\/wp\/v2\/posts"}],"about":[{"href":"http:\/\/niecodziennosc.kubic.info\/index.php?rest_route=\/wp\/v2\/types\/post"}],"author":[{"embeddable":true,"href":"http:\/\/niecodziennosc.kubic.info\/index.php?rest_route=\/wp\/v2\/users\/1"}],"replies":[{"embeddable":true,"href":"http:\/\/niecodziennosc.kubic.info\/index.php?rest_route=%2Fwp%2Fv2%2Fcomments&post=8413"}],"version-history":[{"count":0,"href":"http:\/\/niecodziennosc.kubic.info\/index.php?rest_route=\/wp\/v2\/posts\/8413\/revisions"}],"wp:attachment":[{"href":"http:\/\/niecodziennosc.kubic.info\/index.php?rest_route=%2Fwp%2Fv2%2Fmedia&parent=8413"}],"wp:term":[{"taxonomy":"category","embeddable":true,"href":"http:\/\/niecodziennosc.kubic.info\/index.php?rest_route=%2Fwp%2Fv2%2Fcategories&post=8413"},{"taxonomy":"post_tag","embeddable":true,"href":"http:\/\/niecodziennosc.kubic.info\/index.php?rest_route=%2Fwp%2Fv2%2Ftags&post=8413"}],"curies":[{"name":"wp","href":"https:\/\/api.w.org\/{rel}","templated":true}]}}