{"id":8414,"date":"2008-06-29T00:19:42","date_gmt":"2008-06-28T22:19:42","guid":{"rendered":"http:\/\/niecodziennosc.kubic.info\/index.php\/2008\/06\/29\/znak-ze-zyjeemy\/"},"modified":"2008-06-29T00:19:42","modified_gmt":"2008-06-28T22:19:42","slug":"znak-ze-zyjeemy","status":"publish","type":"post","link":"http:\/\/niecodziennosc.kubic.info\/?p=8414","title":{"rendered":"Znak, \u017ce \u017cyj\u0119(emy)"},"content":{"rendered":"<p><font size=\"2\">\u017byjemy, potwierdzam. Du\u017co wra\u017ce\u0144&#8230; Nie chodz\u0119 do pracy &#8211; mam &quot;opiek\u0119 nad \u017con\u0105&quot;. Uczymy si\u0119 \u017cy\u0107 z Beniaminem&#8230; jest inny, ni\u017c Sara &#8211; tak, jak j\u0105 pami\u0119tam. Bardziej wra\u017cliwy, trudniej usypia. Dzi\u015b ko\u0144czy trzy tygodnie&#8230; <\/p>\n<p>Du\u017co si\u0119 zdarzy\u0142o, ale brak u mnie g\u0142\u0119bszej refleksji. G\u0142\u00f3wnie to walka z zaleg\u0142o\u015bciami w szkole, z now\u0105 sytuacj\u0105 w domu. Kiedy usypiam Sar\u0119 wieczorem, to p\u00f3\u017aniej nie mam ju\u017c na nic si\u0142y. Ko\u0144cz\u0119, niestety bezrefleksyjnie, cho\u0107 \u017cycie tak bogate z czasem nasunie refleksje&#8230;<br \/><\/font><\/p>\n","protected":false},"excerpt":{"rendered":"<p><font size=\"2\">\u017byjemy, &#8230;<\/p>\n","protected":false},"author":1,"featured_media":0,"comment_status":"open","ping_status":"open","sticky":false,"template":"","format":"standard","meta":{"footnotes":""},"categories":[50],"tags":[],"_links":{"self":[{"href":"http:\/\/niecodziennosc.kubic.info\/index.php?rest_route=\/wp\/v2\/posts\/8414"}],"collection":[{"href":"http:\/\/niecodziennosc.kubic.info\/index.php?rest_route=\/wp\/v2\/posts"}],"about":[{"href":"http:\/\/niecodziennosc.kubic.info\/index.php?rest_route=\/wp\/v2\/types\/post"}],"author":[{"embeddable":true,"href":"http:\/\/niecodziennosc.kubic.info\/index.php?rest_route=\/wp\/v2\/users\/1"}],"replies":[{"embeddable":true,"href":"http:\/\/niecodziennosc.kubic.info\/index.php?rest_route=%2Fwp%2Fv2%2Fcomments&post=8414"}],"version-history":[{"count":0,"href":"http:\/\/niecodziennosc.kubic.info\/index.php?rest_route=\/wp\/v2\/posts\/8414\/revisions"}],"wp:attachment":[{"href":"http:\/\/niecodziennosc.kubic.info\/index.php?rest_route=%2Fwp%2Fv2%2Fmedia&parent=8414"}],"wp:term":[{"taxonomy":"category","embeddable":true,"href":"http:\/\/niecodziennosc.kubic.info\/index.php?rest_route=%2Fwp%2Fv2%2Fcategories&post=8414"},{"taxonomy":"post_tag","embeddable":true,"href":"http:\/\/niecodziennosc.kubic.info\/index.php?rest_route=%2Fwp%2Fv2%2Ftags&post=8414"}],"curies":[{"name":"wp","href":"https:\/\/api.w.org\/{rel}","templated":true}]}}