{"id":8423,"date":"2008-05-30T00:00:22","date_gmt":"2008-05-29T22:00:22","guid":{"rendered":"http:\/\/niecodziennosc.kubic.info\/index.php\/2008\/05\/30\/plynalem-rano\/"},"modified":"2008-05-30T00:00:22","modified_gmt":"2008-05-29T22:00:22","slug":"plynalem-rano","status":"publish","type":"post","link":"http:\/\/niecodziennosc.kubic.info\/?p=8423","title":{"rendered":"P\u0142yn\u0105\u0142em rano"},"content":{"rendered":"<p><font size=\"2\">O sz\u00f3stej rano by\u0142o raczej szarawo. Nie uda\u0142o si\u0119 ponownie usn\u0105\u0107 bez wizyty w toalecie. Zreszt\u0105 i p\u00f3\u017aniej nie by\u0142o \u0142atwo, pomog\u0142a &quot;Inteligencja spo\u0142eczna&quot; Golemana. Ci\u0105gle jej jeszcze nie sko\u0144czy\u0142em. Jako \u015brodek nasenny dzia\u0142a b\u0142yskawicznie, czasem i jeden akapit to za du\u017co. <\/p>\n<p>\u015ani\u0142em, jak to nad ranem, dramatycznie. Pok\u00f3j zamieni\u0142 si\u0119 w wagon kolejowy, a \u017ce sta\u0142 na bocznicy pomy\u015bla\u0142em, \u017ce prze\u015bpi\u0119 w nim do rana. Niestety, skoro \u015bwit wagon do\u0142\u0105czono do jakiego\u015b poci\u0105gu, do\u015b\u0107 \u017ce przez sen poczu\u0142em, \u017ce jad\u0119. W panice i p\u00f3\u0142\u015bnie szuka\u0142em rozwi\u0105zania &#8211; jak wr\u00f3ci\u0107 na dziesi\u0105t\u0105 rano do Krakowa na sesj\u0119 zdj\u0119ciow\u0105 &#8211; przecie\u017c w\u0142a\u015bnie z jej powodu tu zosta\u0142em. <\/p>\n<p>Otworzy\u0142em oczy. O \u00f3smej \u015bwieci\u0142o s\u0142o\u0144ce, widoczne z mojej samotnej, w\u0105skiej pryczy ponad rozwini\u0119tym na oknie t\u0142em fotograficznym, s\u0142u\u017c\u0105cym mi tej nocy za zas\u0142on\u0119. Tak pro\u015bciej, gdy\u017c zasuwanie kotar w owym wysokim budownictwie zawsze ko\u0144czy si\u0119 ich wyrwaniem z haczyk\u00f3w. <\/p>\n<p>By\u0142o ciep\u0142o, pi\u0119knie. <\/p>\n<p>Pomiar cukru to pierwsza rzecz. Od niego zale\u017cy co dalej. Nie b\u0119d\u0119 si\u0119 chwali\u0142&#8230; albo co tam: wynik &#8211; prawie jak u zdrowego \ud83d\ude09<\/p>\n<p>Wyszed\u0142em za zewn\u0105trz &#8211; zimno, wiatr rozwiewa\u0142 mi koszul\u0119. Wracaj\u0105c ze sklepu mia\u0142em s\u0142o\u0144ce w twarz. Tylko zamkn\u0105\u0107 oczy &#8211; i jestem na wydmach nad pust\u0105 pla\u017c\u0105, w ostrym podmuchu znad morza, o siedemset kilometr\u00f3w st\u0105d. Czuj\u0119 morze policzkami, ramionami, poprzez wiatr, przed kt\u00f3rego ch\u0142odem broni\u0119 si\u0119 si\u0142\u0105 woli. Przechodz\u0119 kilka krok\u00f3w i otwieram oczy &#8211; naprzeciwko mnie &#8211; skrzy\u017cowanie Karmelickiej i Dunajewskiego, z sierpami tor\u00f3w b\u0142yszcz\u0105cych w s\u0142o\u0144cu i fal\u0105 ludzi, kt\u00f3ra przedar\u0142a w moj\u0105 stron\u0119 si\u0119 przez przej\u015bcie dla pieszych. Spienione, marsowe twarze, czy to z zimna, czy ze wzburzenia, \u017ce oto jeden cz\u0142owiek (chyba chodzi o mnie), zamiast spieszy\u0107 do pracy, pozwoli\u0142 sobie na chwil\u0119 zapomnienia. Zaatakowa\u0142em j\u0105 jak morsk\u0105 fal\u0119, bokiem, wtopi\u0142em si\u0119 pomi\u0119dzy ot\u0119pia\u0142e po\u015bpiechem postacie. <\/p>\n<p>Gdy podczas \u015bniadania pisa\u0142em smsa, w\u0142a\u015bnie nadszed\u0142. &quot;Nie spisz ju\u017c?&quot; Nie \u015bpi\u0119. Ju\u017c nawet p\u0142ywa\u0142em&#8230; \ud83d\ude09<br \/><\/font><\/p>\n","protected":false},"excerpt":{"rendered":"<p><font size=\"2\">O sz\u00f3stej&#8230;<\/p>\n","protected":false},"author":1,"featured_media":0,"comment_status":"open","ping_status":"open","sticky":false,"template":"","format":"standard","meta":{"footnotes":""},"categories":[27],"tags":[],"_links":{"self":[{"href":"http:\/\/niecodziennosc.kubic.info\/index.php?rest_route=\/wp\/v2\/posts\/8423"}],"collection":[{"href":"http:\/\/niecodziennosc.kubic.info\/index.php?rest_route=\/wp\/v2\/posts"}],"about":[{"href":"http:\/\/niecodziennosc.kubic.info\/index.php?rest_route=\/wp\/v2\/types\/post"}],"author":[{"embeddable":true,"href":"http:\/\/niecodziennosc.kubic.info\/index.php?rest_route=\/wp\/v2\/users\/1"}],"replies":[{"embeddable":true,"href":"http:\/\/niecodziennosc.kubic.info\/index.php?rest_route=%2Fwp%2Fv2%2Fcomments&post=8423"}],"version-history":[{"count":0,"href":"http:\/\/niecodziennosc.kubic.info\/index.php?rest_route=\/wp\/v2\/posts\/8423\/revisions"}],"wp:attachment":[{"href":"http:\/\/niecodziennosc.kubic.info\/index.php?rest_route=%2Fwp%2Fv2%2Fmedia&parent=8423"}],"wp:term":[{"taxonomy":"category","embeddable":true,"href":"http:\/\/niecodziennosc.kubic.info\/index.php?rest_route=%2Fwp%2Fv2%2Fcategories&post=8423"},{"taxonomy":"post_tag","embeddable":true,"href":"http:\/\/niecodziennosc.kubic.info\/index.php?rest_route=%2Fwp%2Fv2%2Ftags&post=8423"}],"curies":[{"name":"wp","href":"https:\/\/api.w.org\/{rel}","templated":true}]}}