{"id":8425,"date":"2008-05-24T00:51:59","date_gmt":"2008-05-23T22:51:59","guid":{"rendered":"http:\/\/niecodziennosc.kubic.info\/index.php\/2008\/05\/24\/do-moich-gosci-i\/"},"modified":"2008-05-24T00:51:59","modified_gmt":"2008-05-23T22:51:59","slug":"do-moich-gosci-i","status":"publish","type":"post","link":"http:\/\/niecodziennosc.kubic.info\/?p=8425","title":{"rendered":"Do moich go\u015bci, i &#8230;"},"content":{"rendered":"<p><font size=\"2\">Ciesz\u0119 si\u0119, je\u015bli znajdujecie tutaj co\u015b fajnego. To co\u015b pochodzi z jednego z najpi\u0119kniejszych okres\u00f3w w moim \u017cyciu. Tego jestem zupe\u0142nie pewien. Pewien ze skrywan\u0105, pseudoracjonaln\u0105 my\u015bl\u0105-obaw\u0105, \u017ce lepiej ju\u017c by\u0107 nie mo\u017ce, mo\u017ce by\u0107 <\/font><font size=\"2\">wi\u0119c <\/font><font size=\"2\">tylko gorzej. <\/p>\n<p>Na moich oczach dokonuje si\u0119 przemiana bliskiej mi osoby. Wyzwala si\u0119 inna posta\u0107, na kt\u00f3r\u0105 spogl\u0105dam z odrodzon\u0105 fascynacj\u0105 &#8211; niesamowit\u0105 i pi\u0119kn\u0105. Nie mam na my\u015bli Sary, gdy\u017c jej rozw\u00f3j z tygodnia na tydzie\u0144 sta\u0142 si\u0119 przecie\u017c norm\u0105, do kt\u00f3rej jednak i tak nie przywyk\u0142em. <\/p>\n<p>Boj\u0119 si\u0119. Pocieszam si\u0119, \u017ce nie boj\u0105 si\u0119 tylko nienormalni lub nie\u015bwiadomi, oraz \u017ce aby si\u0119 do strachu przyzna\u0107, trzeba mie\u0107 cho\u0107 troch\u0119 odwagi. Boj\u0119 si\u0119 cho\u0107by tak g\u0142upiej rzeczy, jak z wielkiego brzucha niewielkiej, drobnej dziewczyny mo\u017ce wyj\u015b\u0107 \u017cywy cz\u0142owieczek bez szwanku dla nich obojga. Wydaje mi si\u0119 to nieprawdopodobne. Przy Sarze nie mieli\u015bmy okazji tego sprawdzi\u0107, Ioana nawet nie zd\u0105\u017cy\u0142a poczu\u0107 skurcz\u00f3w. <\/p>\n<p>Mam obaw\u0119 w jakim stanie malec wyjdzie&#8230; \u015amiali\u015bmy si\u0119 dzisiaj m\u00f3wi\u0105c, \u017ce skoro Sara ma jasne, s\u0142owia\u0144skie w\u0142osy przy ciemnej, rumu\u0144skiej karnacji, to ma\u0142y b\u0119dzie mo\u017ce blady, ale za to z czarn\u0105 jak smo\u0142a czupryn\u0105. Ale to s\u0105 ma\u0142o istotne dywagacje. Wa\u017cniejsze s\u0105 sprawy, kt\u00f3rych nawet wymieni\u0107 si\u0119 boj\u0119&#8230; jest ich bez liku. \u0141api\u0119 si\u0119 na tym, \u017ce chcia\u0142bym otrzyma\u0107 gwarancj\u0119, najlepiej na przynajmniej 18 lat, z mo\u017cliwo\u015bci\u0105 &quot;wymiany wadliwego towaru&quot;. Mocne, nie? Na szcz\u0119\u015bcie &#8211; nikt jeszcze takich &quot;gwarancji&quot; nie daje. Chyba na tym polega \u017cycie &#8211; no warranty.<\/p>\n<p>&#8230;<\/p>\n<p>Dzi\u015b umar\u0142 Carl. Cz\u0142owiek z gatunku tych, kt\u00f3rzy w podesz\u0142ym wieku odchodz\u0105 jako niepokonani m\u0142odzie\u0144cy. Gdy go spotka\u0142em jakie\u015b prawie dwadzie\u015bcia lat temu, chodzi\u0142 jeszcze o w\u0142asnych nogach. P\u00f3\u017aniej, gdy widywali\u015bmy si\u0119 co kilka lat, zdarza\u0142o mi si\u0119 pcha\u0107 jego w\u00f3zek. Jak wtedy, dwana\u015bcie lat temu, na terenie uniwersytetu w Miszkolcu, gdy w skwarze lata zmierzali\u015bmy okr\u0119\u017cn\u0105 drog\u0105 z jadalni do audytorium. Wszyscy inni szli na wprost, ale tamt\u0119dy nie da\u0142o si\u0119 przejecha\u0107 w\u00f3zkiem. Rozmawiali\u015bmy o planach&#8230; Powiedzia\u0142 mi: &quot;S\u0105 ludzie, kt\u00f3rzy robi\u0105 jedn\u0105 rzecz bardzo dobrze, i ludzie, kt\u00f3rzy robi\u0105 w \u017cyciu wiele rzeczy, ale \u017cadnej dobrze. Ja wybra\u0142em to drugie&quot;. Popatrzy\u0142em zdziwiony i zaskoczony jego otwarto\u015bci\u0105. Przecie\u017c w naszym towarzystwie by\u0142 jednym z najlepszych, najm\u0105drzejszych. Ja opowiedzia\u0142em mu o mojej wizji na \u017cycie &#8211; to by\u0142a jedna z wielu i nie traktowa\u0142em jej jako jedynej i nieodwo\u0142alnej. A jednak, kilka lat p\u00f3\u017aniej, na trawniku obok przed budynkiej audytorium, rozpakowywali\u015bmy kolacj\u0119 &#8211; samotni &#8211; Ioana i ja &#8211; ona, jako uczestniczka spe\u0142nionej ju\u017c teraz, wizji. <\/p>\n<p>A dzi\u015b wieczorem czesa\u0142em w\u0142osy trzyletniemu &quot;owocowi&quot; tamtych marze\u0144&#8230; wspominaj\u0105c Carla. Carla, kt\u00f3ry pierwszy o nich us\u0142ysza\u0142 &#8211; zanim cokolwiek si\u0119 sta\u0142o. Mo\u017ce dzi\u0119ki niemu pad\u0142y moje s\u0142owa? Mo\u017ce dlatego, \u017ce pad\u0142y, wypowiedziane g\u0142o\u015bno, spe\u0142ni\u0142y si\u0119? A mo\u017ce on im jeszcze jako\u015b pom\u00f3g\u0142&#8230;? Tak wiele chcia\u0142bym si\u0119 dowiedzie\u0107&#8230; \ud83d\ude09 Czy kiedy si\u0119 dowiem&#8230;?<br \/><\/font><\/p>\n","protected":false},"excerpt":{"rendered":"<p><font size=\"2\">Ciesz\u0119 &#8230;<\/p>\n","protected":false},"author":1,"featured_media":0,"comment_status":"open","ping_status":"open","sticky":false,"template":"","format":"standard","meta":{"footnotes":""},"categories":[130],"tags":[],"_links":{"self":[{"href":"http:\/\/niecodziennosc.kubic.info\/index.php?rest_route=\/wp\/v2\/posts\/8425"}],"collection":[{"href":"http:\/\/niecodziennosc.kubic.info\/index.php?rest_route=\/wp\/v2\/posts"}],"about":[{"href":"http:\/\/niecodziennosc.kubic.info\/index.php?rest_route=\/wp\/v2\/types\/post"}],"author":[{"embeddable":true,"href":"http:\/\/niecodziennosc.kubic.info\/index.php?rest_route=\/wp\/v2\/users\/1"}],"replies":[{"embeddable":true,"href":"http:\/\/niecodziennosc.kubic.info\/index.php?rest_route=%2Fwp%2Fv2%2Fcomments&post=8425"}],"version-history":[{"count":0,"href":"http:\/\/niecodziennosc.kubic.info\/index.php?rest_route=\/wp\/v2\/posts\/8425\/revisions"}],"wp:attachment":[{"href":"http:\/\/niecodziennosc.kubic.info\/index.php?rest_route=%2Fwp%2Fv2%2Fmedia&parent=8425"}],"wp:term":[{"taxonomy":"category","embeddable":true,"href":"http:\/\/niecodziennosc.kubic.info\/index.php?rest_route=%2Fwp%2Fv2%2Fcategories&post=8425"},{"taxonomy":"post_tag","embeddable":true,"href":"http:\/\/niecodziennosc.kubic.info\/index.php?rest_route=%2Fwp%2Fv2%2Ftags&post=8425"}],"curies":[{"name":"wp","href":"https:\/\/api.w.org\/{rel}","templated":true}]}}