{"id":8426,"date":"2008-05-22T01:36:47","date_gmt":"2008-05-21T23:36:47","guid":{"rendered":"http:\/\/niecodziennosc.kubic.info\/index.php\/2008\/05\/22\/rodzinne-zdjecie\/"},"modified":"2008-05-22T01:36:47","modified_gmt":"2008-05-21T23:36:47","slug":"rodzinne-zdjecie","status":"publish","type":"post","link":"http:\/\/niecodziennosc.kubic.info\/?p=8426","title":{"rendered":"Rodzinne zdj\u0119cie"},"content":{"rendered":"<p><font size=\"2\">Oto nasze rodzinne zdj\u0119cie. Zrobione w odnowionym, prawie pustym pokoju, naprzeciw lustra. Siedz\u0119 na \u0142\u00f3\u017cku, kt\u00f3re zmontowali\u015bmy niedawno dla Sary. Stare \u0142\u00f3\u017ceczko ze szczebelkami b\u0119dzie dla go\u015bcia, kt\u00f3ry na razie tkwi w brzuszku. Ja trzymam aparat na piersi, \u017ceby by\u0142o wida\u0107 moj\u0105 twarz. Celuj\u0119 &quot;na czuja&quot;. W mojej prawej r\u0119ce mam lamp\u0119 b\u0142yskow\u0105, kt\u00f3ra jest po\u0142\u0105czona z aparatem za pomoc\u0105 kabla. Lampa b\u0142ysn\u0119\u0142a i do\u015bwietli\u0142a kadr, cho\u0107 nie wida\u0107 samego b\u0142ysku, gdy\u017c znalaz\u0142 si\u0119 poza kadrem. Ten rodzaj pod\u0142\u0105czenia lampy to spos\u00f3b &quot;z r\u0119kawa&quot; na troch\u0119 &quot;ambitniejsze&quot;, reporterskie do\u015bwietlenie planu. <\/p>\n<p><img decoding=\"async\" border=\"0\" src=\"wp-content\/uploads\/2019\/03\/naszarodzina.jpg\" alt=\"\" \/><\/p>\n<p>To zdj\u0119cie wybra\u0142em spo\u015br\u00f3d oko\u0142o kilkunastu. Prawd\u0119 m\u00f3wi\u0105c to uj\u0119cie to by\u0142a decyzja podj\u0119ta w u\u0142amku sekundy i tylko jeszcze dwa mam podobne. Lecz to jest najlepsze, bardzo je lubi\u0119. Taka sytuacja by\u0142aby bardzo trudna do ustawienia sztucznie. Wykorzystanie lustra wprowadza zabaw\u0119 z odbiciem i przeplataniem si\u0119 obrazu rzeczywistego i odbitego. Tak naprawd\u0119 w obrazie rzeczywistym wida\u0107 tylko Sar\u0119, bo z Ioany wida\u0107 tylko brzuch&#8230; A! Lecz to jest nasz czwarty cz\u0142onek rodziny! Czyli Nasze dzieci wida\u0107 w obrazie rzeczywistym, natomiast Ioan\u0119 i mnie &#8211; w obrazie odbitym w lustrze. Dla mnie magiczne i symboliczne jest spotkanie si\u0119 wzroku Ioany i Sary &#8211; z tym, \u017ce dla ogl\u0105daj\u0105cego to zdj\u0119cie to spotkanie nast\u0119puje poprzez lustro. Podoba mi si\u0119 jeszcze do\u015b\u0107 r\u00f3wnomierne roz\u0142o\u017cenie  plam ja\u015bniejszych i ciemniejszych, co sprowadza zdj\u0119cie do w miar\u0119 jako takiej r\u00f3wnowagi, pomimo przechylenia kadru, kt\u00f3re zwykle wi\u0105\u017ce si\u0119 z wprowadzeniem napi\u0119cia. \u015amieszne jest to, \u017ce Sara za\u0142o\u017cy\u0142a nog\u0119 na nog\u0119 &#8211; zupe\u0142nie spontanicznie. Patrz\u0119 te\u017c na postaw\u0119 Ioany &#8211; wydaje si\u0119 najlepsza, jaka mog\u0142aby by\u0107 w tym momencie. Maj\u0105c to wszystko naraz trzeba by\u0142o zrobi\u0107 zdj\u0119cie &#8211; a czasu tak ma\u0142o, \u017ce robi si\u0119 to odruchowo, nie widz\u0105c nawet 20% z tego, co teraz opisa\u0142em. To si\u0119 raczej gdzie\u015b czuje&#8230; &#8211; \u017ce w\u0142a\u015bnie teraz powinienem pstrykn\u0105\u0107. Co wi\u0119cej &#8211; dla kogo\u015b innego to zdj\u0119cie mo\u017ce by\u0107 zwyk\u0142ym badziewiem. Wiem o tym i nie dziwi\u0119 si\u0119 bardzo \ud83d\ude42<\/p>\n<p>Po ilu\u015b latach kadrowania, pstrykania, analizowania &#8211; po prostu to si\u0119 robi. Tak, jak po prostu gra si\u0119 na fortepianie, prowadzi samoch\u00f3d itd. Oczywi\u015bcie, \u017cadna z tych czynno\u015bci nigdy nie jest prosta. Do\u015bwiadczenie nie gwarantuje niczego, ale ogromnie zwi\u0119ksza szans\u0119 na to, \u017ce to, czego si\u0119 dotykamy, b\u0119dzie mia\u0142o jaki\u015b wi\u0119kszy sens, porz\u0105dek, \u015blad charakteru&#8230; Cho\u0107 dalej b\u0119dzie ograniczone. <\/p>\n<p>Przez dwa dni montowa\u0142em materia\u0142 wideo z przedstawienia teatralnego. Mam zdolno\u015bci do anga\u017cowania si\u0119 w przedsi\u0119wzi\u0119cia, kt\u00f3re z g\u00f3ry skazane s\u0105 na niepowodzenie. To tak jak odruch kibicowania dru\u017cynom o kt\u00f3rych z g\u00f3ry wiadomo, \u017ce s\u0105 s\u0142absze. Trudno, niewa\u017cne. Wa\u017cne jest to, \u017ce tworzenie sekwencji obraz\u00f3w jest zadaniem o niesko\u0144czonych, wydaje si\u0119, mo\u017cliwo\u015bciach. Na przyk\u0142ad ci\u0119cia uj\u0119\u0107 stapiaj\u0105 si\u0119 z rytmem samej akcji &#8211; tempem wypowiadania s\u0142\u00f3w bohater\u00f3w, tempem ich poruszania si\u0119&#8230; Monta\u017cysta wideo staje si\u0119 jednym z aktor\u00f3w, i cho\u0107 niewidzialnym, to jednak jego wizja, temperament, wp\u0142ywaj\u0105 ogromnie na efekt ko\u0144cowy filmu. Materia\u0142 z dw\u00f3ch kamer mieli\u015bmy do\u015b\u0107 kiepski &#8211; plan zdj\u0119ciowy prawie w og\u00f3le nieprzygotowany. Samo przedstawienie znali\u015bmy zbyt s\u0142abo, kr\u0119cili\u015bmy na \u017cywo, siedz\u0105c obok publiczno\u015bci. Wydaje si\u0119, \u017ce z tego nie mog\u0142o wyj\u015b\u0107 nic sensownego. A jednak, cho\u0107 s\u0142abe technicznie, powsta\u0142o co\u015b, co ma charakter. Takie historie jak ta sprawiaj\u0105, \u017ce zastanawiam si\u0119 nad tym, gdzie le\u017cy sedno tw\u00f3rczo\u015bci, tre\u015bci, warto\u015bci&#8230; Z pewno\u015bci\u0105 to sedno nie jest czym\u015b, co mo\u017cemy posi\u0105\u015b\u0107 na w\u0142asno\u015b\u0107, zapanowa\u0107 nad nim. Mo\u017cemy by\u0107 co najwy\u017cej jego s\u0142ugami, o ile&#8230; No w\u0142a\u015bnie, o ile co&#8230;? <\/font><\/p>\n","protected":false},"excerpt":{"rendered":"<p><font size=\"2\">Oto nasze&#8230;<\/p>\n","protected":false},"author":1,"featured_media":0,"comment_status":"open","ping_status":"open","sticky":false,"template":"","format":"standard","meta":{"footnotes":""},"categories":[35],"tags":[],"_links":{"self":[{"href":"http:\/\/niecodziennosc.kubic.info\/index.php?rest_route=\/wp\/v2\/posts\/8426"}],"collection":[{"href":"http:\/\/niecodziennosc.kubic.info\/index.php?rest_route=\/wp\/v2\/posts"}],"about":[{"href":"http:\/\/niecodziennosc.kubic.info\/index.php?rest_route=\/wp\/v2\/types\/post"}],"author":[{"embeddable":true,"href":"http:\/\/niecodziennosc.kubic.info\/index.php?rest_route=\/wp\/v2\/users\/1"}],"replies":[{"embeddable":true,"href":"http:\/\/niecodziennosc.kubic.info\/index.php?rest_route=%2Fwp%2Fv2%2Fcomments&post=8426"}],"version-history":[{"count":0,"href":"http:\/\/niecodziennosc.kubic.info\/index.php?rest_route=\/wp\/v2\/posts\/8426\/revisions"}],"wp:attachment":[{"href":"http:\/\/niecodziennosc.kubic.info\/index.php?rest_route=%2Fwp%2Fv2%2Fmedia&parent=8426"}],"wp:term":[{"taxonomy":"category","embeddable":true,"href":"http:\/\/niecodziennosc.kubic.info\/index.php?rest_route=%2Fwp%2Fv2%2Fcategories&post=8426"},{"taxonomy":"post_tag","embeddable":true,"href":"http:\/\/niecodziennosc.kubic.info\/index.php?rest_route=%2Fwp%2Fv2%2Ftags&post=8426"}],"curies":[{"name":"wp","href":"https:\/\/api.w.org\/{rel}","templated":true}]}}