{"id":8428,"date":"2008-05-15T20:42:26","date_gmt":"2008-05-15T18:42:26","guid":{"rendered":"http:\/\/niecodziennosc.kubic.info\/index.php\/2008\/05\/15\/zrobic-porzadek-u-siebie\/"},"modified":"2008-05-15T20:42:26","modified_gmt":"2008-05-15T18:42:26","slug":"zrobic-porzadek-u-siebie","status":"publish","type":"post","link":"http:\/\/niecodziennosc.kubic.info\/?p=8428","title":{"rendered":"Zrobi\u0107 porz\u0105dek u siebie"},"content":{"rendered":"<p><font size=\"2\">Wiosna i pocz\u0105tek lata, w tym koniec sezonu w pracy i rozpocz\u0119cie wakacji to jedne z najtrudniejszych okres\u00f3w w &quot;mojej firmie&quot;. To ju\u017c wiem, ko\u0144cz\u0105c m\u00f3j dziewi\u0105ty rok pracy. Jednocze\u015bnie zmienia si\u0119 m\u00f3j stosunek do ludzi wok\u00f3\u0142, szczeg\u00f3lnie tych &quot;artystycznych&quot;. Dzi\u015b dotar\u0142o to do mojej \u015bwiadomo\u015bci wraz z prze\u015bwiadczeniem, \u017ce musz\u0119 wyrobi\u0107 sobie nowy styl &#8211; konsekwentnie i \u015bwiadomie. &quot;Samo si\u0119&quot; nie zrobi. <\/p>\n<p>Na razie straci\u0142em ch\u0119\u0107 g\u0142\u0119bszego poznawania ludzi, zachwycania si\u0119, przejmowania si\u0119 nimi, tym co czuj\u0105 i my\u015bl\u0105. Nie mam cierpliwo\u015bci. To, co mnie najbardziej poci\u0105ga\u0142o &#8211; czyli tajemnica, co\u015b obiecuj\u0105cego, skrytego w cieniu &#8211; przesta\u0142o si\u0119 liczy\u0107. Ba, nawet w\u0105tpi\u0119, czy to istnieje. Ludzie wydaj\u0105 si\u0119 pro\u015bci jak cepy, nie maj\u0105 czasu by wzbogaca\u0107 siebie. <\/p>\n<p><\/font><font size=\"2\">Od czasu do czasu przychodzi moment, gdy trzeba powr\u00f3ci\u0107<br \/>\ni zrobi\u0107 porz\u0105dek na swoim podw\u00f3rku, w\u0142asnym nastroju. M\u0105dry przyjaciel Micha\u0142 m\u00f3wi &#8211;<br \/>\nkiedy jeste\u015b zagubiony, zacznij zn\u00f3w wszystko od pocz\u0105tku. Tak, to jest<br \/>\nrozwi\u0105zanie teraz dla mnie. <\/font><br \/><font size=\"2\"><br \/>Nawet ciep\u0142a pogoda i widok dziewcz\u0105t, wystawiaj\u0105cych do s\u0142o\u0144ca wi\u0119cej swoich kszta\u0142t\u00f3w, nie poprawia mi nastroju. Dostrzegam tylko wi\u0119cej niedoskona\u0142o\u015bci &#8211; figury, kszta\u0142tu r\u0105k, n\u00f3g&#8230; Twarze, rzadko tchn\u0105 czym\u015b przyjemnym, spokojnym.  Przejecha\u0142em na rowerze dwa razy przez centrum, pomi\u0119dzy t\u0142umami przechodni\u00f3w, robi\u0142em zakupy w Almie w Galerii Krakowskiej, i znalaz\u0142em mo\u017ce 3-4 kobiety &#8211; nie przygarbione i o niez\u0142ej figurze. Czy to moje pesymistyczne z\u0142udzenie, czy rzeczywisto\u015b\u0107&#8230;? <\/font><\/p>\n","protected":false},"excerpt":{"rendered":"<p><font size=\"2\">Wiosna i &#8230;<\/p>\n","protected":false},"author":1,"featured_media":0,"comment_status":"open","ping_status":"open","sticky":false,"template":"","format":"standard","meta":{"footnotes":""},"categories":[18],"tags":[],"_links":{"self":[{"href":"http:\/\/niecodziennosc.kubic.info\/index.php?rest_route=\/wp\/v2\/posts\/8428"}],"collection":[{"href":"http:\/\/niecodziennosc.kubic.info\/index.php?rest_route=\/wp\/v2\/posts"}],"about":[{"href":"http:\/\/niecodziennosc.kubic.info\/index.php?rest_route=\/wp\/v2\/types\/post"}],"author":[{"embeddable":true,"href":"http:\/\/niecodziennosc.kubic.info\/index.php?rest_route=\/wp\/v2\/users\/1"}],"replies":[{"embeddable":true,"href":"http:\/\/niecodziennosc.kubic.info\/index.php?rest_route=%2Fwp%2Fv2%2Fcomments&post=8428"}],"version-history":[{"count":0,"href":"http:\/\/niecodziennosc.kubic.info\/index.php?rest_route=\/wp\/v2\/posts\/8428\/revisions"}],"wp:attachment":[{"href":"http:\/\/niecodziennosc.kubic.info\/index.php?rest_route=%2Fwp%2Fv2%2Fmedia&parent=8428"}],"wp:term":[{"taxonomy":"category","embeddable":true,"href":"http:\/\/niecodziennosc.kubic.info\/index.php?rest_route=%2Fwp%2Fv2%2Fcategories&post=8428"},{"taxonomy":"post_tag","embeddable":true,"href":"http:\/\/niecodziennosc.kubic.info\/index.php?rest_route=%2Fwp%2Fv2%2Ftags&post=8428"}],"curies":[{"name":"wp","href":"https:\/\/api.w.org\/{rel}","templated":true}]}}