{"id":8477,"date":"2008-02-25T00:05:06","date_gmt":"2008-02-24T23:05:06","guid":{"rendered":"http:\/\/niecodziennosc.kubic.info\/index.php\/2008\/02\/25\/dni-pedza-sam-nie-wiem\/"},"modified":"2008-02-25T00:05:06","modified_gmt":"2008-02-24T23:05:06","slug":"dni-pedza-sam-nie-wiem","status":"publish","type":"post","link":"http:\/\/niecodziennosc.kubic.info\/?p=8477","title":{"rendered":"Dni p\u0119dz\u0105&#8230; sam nie wiem&#8230;"},"content":{"rendered":"<p><font size=\"2\">Nie widzia\u0142em jej&#8230; sam nie wiem jak d\u0142ugo. Wczoraj &#8211; na pewno nie. Przedwczoraj &#8211; chyba te\u017c nie. Czy to mo\u017cliwe, \u017ce przed dzisiejszym wieczorem widzia\u0142em Sar\u0119&#8230; a\u017c trzy dni temu&#8230;! W czwartek?<\/p>\n<p>Dzi\u015b przed snem \u015bpiewali\u015bmy razem, cichutko, w p\u00f3\u0142mroku. <\/p>\n<p>To a\u017c szalone&#8230;<br \/><\/font><\/p>\n","protected":false},"excerpt":{"rendered":"<p><font size=\"2\">Nie &#8230;<\/p>\n","protected":false},"author":1,"featured_media":0,"comment_status":"open","ping_status":"open","sticky":false,"template":"","format":"standard","meta":{"footnotes":""},"categories":[469],"tags":[],"_links":{"self":[{"href":"http:\/\/niecodziennosc.kubic.info\/index.php?rest_route=\/wp\/v2\/posts\/8477"}],"collection":[{"href":"http:\/\/niecodziennosc.kubic.info\/index.php?rest_route=\/wp\/v2\/posts"}],"about":[{"href":"http:\/\/niecodziennosc.kubic.info\/index.php?rest_route=\/wp\/v2\/types\/post"}],"author":[{"embeddable":true,"href":"http:\/\/niecodziennosc.kubic.info\/index.php?rest_route=\/wp\/v2\/users\/1"}],"replies":[{"embeddable":true,"href":"http:\/\/niecodziennosc.kubic.info\/index.php?rest_route=%2Fwp%2Fv2%2Fcomments&post=8477"}],"version-history":[{"count":0,"href":"http:\/\/niecodziennosc.kubic.info\/index.php?rest_route=\/wp\/v2\/posts\/8477\/revisions"}],"wp:attachment":[{"href":"http:\/\/niecodziennosc.kubic.info\/index.php?rest_route=%2Fwp%2Fv2%2Fmedia&parent=8477"}],"wp:term":[{"taxonomy":"category","embeddable":true,"href":"http:\/\/niecodziennosc.kubic.info\/index.php?rest_route=%2Fwp%2Fv2%2Fcategories&post=8477"},{"taxonomy":"post_tag","embeddable":true,"href":"http:\/\/niecodziennosc.kubic.info\/index.php?rest_route=%2Fwp%2Fv2%2Ftags&post=8477"}],"curies":[{"name":"wp","href":"https:\/\/api.w.org\/{rel}","templated":true}]}}