{"id":8482,"date":"2008-02-15T21:22:23","date_gmt":"2008-02-15T20:22:23","guid":{"rendered":"http:\/\/niecodziennosc.kubic.info\/index.php\/2008\/02\/15\/czas-jest-msciwy\/"},"modified":"2008-02-15T21:22:23","modified_gmt":"2008-02-15T20:22:23","slug":"czas-jest-msciwy","status":"publish","type":"post","link":"http:\/\/niecodziennosc.kubic.info\/?p=8482","title":{"rendered":"&#8222;Czas jest m\u015bciwy&#8230;&#8221;"},"content":{"rendered":"<p><font size=\"2\">Dalsza cz\u0119\u015b\u0107 opowiadania Ignacego Jana Paderewskiego.<\/p>\n<p><\/font><\/p>\n<div style=\"margin-left: 40px;\"><font size=\"2\" style=\"font-style: italic;\">&#8230;w bardzo kr\u00f3tkim terminie musia\u0142em przygotowa\u0107 (&#8230;) program sk\u0142adaj\u0105cy si\u0119 wy\u0142\u0105cznie z kompozycji francuskich. W ci\u0105gu dw\u00f3ch tygodni musia\u0142em nauczy\u0107 si\u0119 dw\u00f3ch koncert\u00f3w i dwunastu kr\u00f3tkich utwor\u00f3w. (&#8230;)<\/font><br style=\"font-style: italic;\" \/><font size=\"2\" style=\"font-style: italic;\">Nauczy\u0142em si\u0119 tych wszystkich utwor\u00f3w w ci\u0105gu dw\u00f3ch tygodni i zagra\u0142em je dobrze, technicznie bez b\u0142\u0119du, to znaczy bez \u017cadnego potkni\u0119cia! Lecz nawet na dziesi\u0119\u0107 minut przed wyst\u0119pem nie by\u0142em pewien swej pami\u0119ci, i to by\u0142o okropne! Przed samym wyj\u015bciem na estrad\u0119 zagl\u0105da\u0142em do nut, a specjalnie do koncert\u00f3w. A\u017c do ostatniej chwili przypomina\u0142em sobie, stara\u0142em si\u0119 zapami\u0119ta\u0107. Koncert si\u0119 uda\u0142, szcz\u0119\u015bliwie (&#8230;).<\/font><br style=\"font-style: italic;\" \/><font size=\"2\" style=\"font-style: italic;\">O tym wszystkim opowiadam dlatego, \u017ce w trzy dni po koncercie nie pami\u0119ta\u0142em ju\u017c niczego i nie by\u0142bym w stanie odegra\u0107 ani jednego utworu. (&#8230;)<\/font><br style=\"font-style: italic;\" \/><font size=\"2\" style=\"font-style: italic;\">Ka\u017cdy cz\u0142owiek powinien sobie zdawa\u0107 spraw\u0119 z faktu, \u017ce dobre i trwa\u0142e wyniki osi\u0105gn\u0105\u0107 mo\u017cna jedynie drog\u0105 kr\u00f3tkich, lecz ci\u0105g\u0142ych, codziennych wysi\u0142k\u00f3w. Jednorazowy wysi\u0142ek jest kompletnie ja\u0142owy. Prawdziw\u0105 umiej\u0119tno\u015b\u0107 zar\u00f3wno w nauce i w sztuce, jak w ka\u017cdych innych zaj\u0119ciach, zdoby\u0107 mo\u017cna tylko codzienn\u0105 prac\u0105 i codziennym wysi\u0142kiem. I to jest bezwzgl\u0119dnie pewne. (&#8230;)<\/font><br style=\"font-style: italic;\" \/><br style=\"font-style: italic;\" \/><font size=\"2\" style=\"font-style: italic;\"><font size=\"1\">&lt;&lt;<\/font>Czas jest m\u015bciwy i bierze srogi odwet za sprawy dokonane bez jego wsp\u00f3\u0142dzia\u0142ania<font size=\"1\">&gt;&gt;<\/p>\n<p><\/font><\/font><\/p>\n<div style=\"text-align: right;\"><font size=\"1\">Ignacy Jan Paderewski, Pami\u0119tniki, PWN 1984, str 173-174.<\/font><\/div>\n<\/div>\n","protected":false},"excerpt":{"rendered":"<p><font size=\"2\">Dalsza &#8230;<\/p>\n","protected":false},"author":1,"featured_media":0,"comment_status":"open","ping_status":"open","sticky":false,"template":"","format":"standard","meta":{"footnotes":""},"categories":[18],"tags":[],"_links":{"self":[{"href":"http:\/\/niecodziennosc.kubic.info\/index.php?rest_route=\/wp\/v2\/posts\/8482"}],"collection":[{"href":"http:\/\/niecodziennosc.kubic.info\/index.php?rest_route=\/wp\/v2\/posts"}],"about":[{"href":"http:\/\/niecodziennosc.kubic.info\/index.php?rest_route=\/wp\/v2\/types\/post"}],"author":[{"embeddable":true,"href":"http:\/\/niecodziennosc.kubic.info\/index.php?rest_route=\/wp\/v2\/users\/1"}],"replies":[{"embeddable":true,"href":"http:\/\/niecodziennosc.kubic.info\/index.php?rest_route=%2Fwp%2Fv2%2Fcomments&post=8482"}],"version-history":[{"count":0,"href":"http:\/\/niecodziennosc.kubic.info\/index.php?rest_route=\/wp\/v2\/posts\/8482\/revisions"}],"wp:attachment":[{"href":"http:\/\/niecodziennosc.kubic.info\/index.php?rest_route=%2Fwp%2Fv2%2Fmedia&parent=8482"}],"wp:term":[{"taxonomy":"category","embeddable":true,"href":"http:\/\/niecodziennosc.kubic.info\/index.php?rest_route=%2Fwp%2Fv2%2Fcategories&post=8482"},{"taxonomy":"post_tag","embeddable":true,"href":"http:\/\/niecodziennosc.kubic.info\/index.php?rest_route=%2Fwp%2Fv2%2Ftags&post=8482"}],"curies":[{"name":"wp","href":"https:\/\/api.w.org\/{rel}","templated":true}]}}