{"id":8495,"date":"2008-01-13T13:43:46","date_gmt":"2008-01-13T12:43:46","guid":{"rendered":"http:\/\/niecodziennosc.kubic.info\/index.php\/2008\/01\/13\/o-spotkaniu-z-wilhelmem-sasnalem\/"},"modified":"2008-01-13T13:43:46","modified_gmt":"2008-01-13T12:43:46","slug":"o-spotkaniu-z-wilhelmem-sasnalem","status":"publish","type":"post","link":"http:\/\/niecodziennosc.kubic.info\/?p=8495","title":{"rendered":"O spotkaniu z Wilhelmem Sasnalem"},"content":{"rendered":"<p><font size=\"2\">U\u015bwiadomi\u0142o mi ono, jak bardzo \u015bwiaty krytyki i tw\u00f3rczo\u015bci s\u0105 od siebie r\u00f3\u017cne. Na tym spotkaniu z\u0142o\u017cy\u0142em sobie uroczyst\u0105 obietnic\u0119, \u017ce zawsze b\u0119d\u0119 si\u0119 stara\u0142 m\u00f3wi\u0107 jak najpro\u015bciej o wszelkich sprawach, codziennych i namacalnych, jak i abstrakcyjnych i metafizycznych. <\/p>\n<p>Sam tw\u00f3rca siedzia\u0142 z boku, pozostawiaj\u0105c bardziej z przodu uczestnik\u00f3w dyskusji &#8211; S\u0142awomira Sierkakowskiego (Krytyka Polityczna), Adama Mazura (obieg.pl), Adama Ostolskiego (Instytut Socjologii UW). W ci\u0105gu pierwszych kilkunastu mo\u017ce minut ci\u015bnienie erudycji wzros\u0142o do trudnych do wytrzymania poziom\u00f3w, panowie z Krytyki i Obiegu, nawzajem si\u0119 wspieraj\u0105c, wznie\u015bli si\u0119 na wy\u017cyny niedost\u0119pne \u015bmiertelnikom. Odnios\u0142em wra\u017cenie, \u017ce im bardziej z\u0142o\u017cone zdania i im trudniejsze s\u0142owa pada\u0142y z ich ust, tym mniej byli oni przygotowani i tym mniej wiedzieli, co rzeczywi\u015bcie chcieliby powiedzie\u0107. T\u0119 ich rozmow\u0119 zestawi\u0142em z zas\u0142yszan\u0105 nast\u0119pnego dnia w radiu dyskusj\u0105 o poezji Julii Hartwig. I ile omawiana poezja by\u0142a gatunku zasadniczo r\u00f3\u017cnego (surrealizm) od tw\u00f3rczo\u015bci Sasnala (pop kultura), to spos\u00f3b wyra\u017cania si\u0119 krytyk\u00f3w by\u0142 pi\u0119knym, konkretnym i prostym \u015bpiewem w por\u00f3wnaniu do tego, co s\u0142ysza\u0142em dzie\u0144 wcze\u015bniej. <\/p>\n<p>Wreszcie g\u0142os m\u00f3g\u0142 zabra\u0107 sam tw\u00f3rca i to by\u0142o najbardziej interesuj\u0105ce. Sk\u0105d bierze inspiracje, jak je rozwija, jaki jest jego stosunek do siebie, tw\u00f3rczo\u015bci. Te zdania by\u0142y bezcenne. <\/p>\n<p>Zda\u0142em sobie spraw\u0119 jeszcze z jednej rzeczy &#8211; w moich czasach, w szkole, uczono nas na krytyk\u00f3w, nie tw\u00f3rc\u00f3w. &quot;Omawianie&quot; literatury zaczyna\u0142o si\u0119 od tego &quot;co to jest podmiot liryczny&quot;, &quot;forma sonetu&quot; itd. Nawet tzw. wypracowania klasowe &#8211; to by\u0142y teksty krytyczne, a nie tw\u00f3rcze. Wmawiano nam, \u017ce aby napisa\u0107 wiersz, opowiadanie itd. trzeba zna\u0107 ich konstrukcj\u0119, zasady. Dlatego ci\u0105gle uczono nas teorii, do praktyki za\u015b nigdy nie dochodzi\u0142o. <\/p>\n<p><\/font><font size=\"1\">Bunkier Sztuki, Krak\u00f3w<br \/>Wilhelm Sasnal \/\/ Czytanie Sasnala, <\/font><font size=\"1\">pi\u0105tek, <b>11 stycznia<\/b>, godz. 18.00, z cyklu: &#8222;Artysta na \u017cywo&#8221;<\/font><\/p>\n","protected":false},"excerpt":{"rendered":"<p><font ...\n<\/p>\n","protected":false},"author":1,"featured_media":0,"comment_status":"open","ping_status":"open","sticky":false,"template":"","format":"standard","meta":{"footnotes":""},"categories":[24],"tags":[],"_links":{"self":[{"href":"http:\/\/niecodziennosc.kubic.info\/index.php?rest_route=\/wp\/v2\/posts\/8495"}],"collection":[{"href":"http:\/\/niecodziennosc.kubic.info\/index.php?rest_route=\/wp\/v2\/posts"}],"about":[{"href":"http:\/\/niecodziennosc.kubic.info\/index.php?rest_route=\/wp\/v2\/types\/post"}],"author":[{"embeddable":true,"href":"http:\/\/niecodziennosc.kubic.info\/index.php?rest_route=\/wp\/v2\/users\/1"}],"replies":[{"embeddable":true,"href":"http:\/\/niecodziennosc.kubic.info\/index.php?rest_route=%2Fwp%2Fv2%2Fcomments&post=8495"}],"version-history":[{"count":0,"href":"http:\/\/niecodziennosc.kubic.info\/index.php?rest_route=\/wp\/v2\/posts\/8495\/revisions"}],"wp:attachment":[{"href":"http:\/\/niecodziennosc.kubic.info\/index.php?rest_route=%2Fwp%2Fv2%2Fmedia&parent=8495"}],"wp:term":[{"taxonomy":"category","embeddable":true,"href":"http:\/\/niecodziennosc.kubic.info\/index.php?rest_route=%2Fwp%2Fv2%2Fcategories&post=8495"},{"taxonomy":"post_tag","embeddable":true,"href":"http:\/\/niecodziennosc.kubic.info\/index.php?rest_route=%2Fwp%2Fv2%2Ftags&post=8495"}],"curies":[{"name":"wp","href":"https:\/\/api.w.org\/{rel}","templated":true}]}}