{"id":8501,"date":"2007-12-28T21:48:19","date_gmt":"2007-12-28T20:48:19","guid":{"rendered":"http:\/\/niecodziennosc.kubic.info\/index.php\/2007\/12\/28\/po-co-pisac\/"},"modified":"2007-12-28T21:48:19","modified_gmt":"2007-12-28T20:48:19","slug":"po-co-pisac","status":"publish","type":"post","link":"http:\/\/niecodziennosc.kubic.info\/?p=8501","title":{"rendered":"Po co pisa\u0107"},"content":{"rendered":"<p><font size=\"2\">Po c\u00f3\u017c pisa\u0107 o codziennych sprawach. Na przyk\u0142ad o szczeg\u00f3\u0142ach fotografowania. B\u0119d\u0105c przez tydzie\u0144 w Rumunii kr\u0105\u017cy\u0142em po ulicach Cluj Napoca, spotykaj\u0105c r\u00f3\u017cnych ludzi. Ciekawo\u015b\u0107 pcha mnie do nich, aparat fotograficzny jest pretekstem, ale i wyzwaniem, s\u0142u\u017cy te\u017c wyrzuceniu mojej ekspresji, tkwi\u0105cej we mnie, m\u0119cz\u0105cej. <\/p>\n<p>Pisa\u0107 m\u00f3g\u0142bym o nowym, stoj\u0105cym na moim biurku wspania\u0142ym komputerze, z pakietem najnowszego oprogramowania do tworzenia film\u00f3w, animacji i obr\u00f3bki zdj\u0119\u0107. To wspania\u0142e. Tak. Nawet je\u015bli na razie ten system jest dla mnie ma\u0142o zrozumia\u0142y, je\u015bli nie umiem w nim zrobi\u0107 najprostszych rzeczy, je\u015bli przedzieram si\u0119 przez dziesi\u0105tki okienek Macintosha i tomy instrukcji obs\u0142ugi. <\/p>\n<p>Pisa\u0107 o samochodzie, kt\u00f3rym je\u017cd\u017c\u0119 od trzech miesi\u0119cy, trzynastoletnim BWM serii 5, dzi\u0119ki kt\u00f3remu zrozumia\u0142em, jak mo\u017cna zakocha\u0107 si\u0119 w samochodzie. <\/p>\n<p>Pisa\u0107 o polityce? O gotowaniu? O tak zwanych &quot;rzeczach praktycznych&quot;&#8230;? Mo\u017cna znale\u017a\u0107 ich tony cho\u0107by w internecie. Mo\u017cna pisa\u0107 o wielu rzeczach, dla jednych s\u0105 one ciekawe, dla innych &#8211; ju\u017c nudne i banalne, dla jeszcze innych &#8211; dopiero niezrozumia\u0142e. Ale kiedy przychodzi wiecz\u00f3r, mam do\u015b\u0107 codziennego zmaganiach si\u0119 z materi\u0105. Najbardziej niesamowite s\u0105 &quot;duszy podr\u00f3\u017ce&quot;, ci\u0105g\u0142e dziwienie si\u0119 (nie)zwyk\u0142ym sprawom, ludziom, rzeczom. <\/font><font size=\"2\">Lepiej pisa\u0107 o mojej c\u00f3rce, z kt\u00f3r\u0105 mog\u0119 czu\u0107 si\u0119 jak z przyjacielem, mimo, \u017ce<br \/>\n\u017cyje dopiero trzydzie\u015bci miesi\u0119cy. O mojej dziewczynie, wyrozumia\u0142ej i<br \/>\ncierpliwej. Ludziach, kt\u00f3rych spotykam na ulicy &#8211; jednym ich ge\u015bcie, spojrzeniu. Id\u0105c dzi\u015b na krakowski Rynek u\u015bmiecha\u0142em si\u0119 zerkaj\u0105c na przechodni\u00f3w. Ze <\/font><font size=\"2\">zdziwieniem, kt\u00f3re przynosi zachwyt. Edward Hartwig powiedzia\u0142 podobno: &quot;szkoda, \u017ce nie mam apratu w oku, jedno mrugni\u0119cie, i pstryk&#8230;&quot;. <br \/><\/font><\/p>\n","protected":false},"excerpt":{"rendered":"<p><font size=\"2\">Po c\u00f3\u017c &#8230;<\/p>\n","protected":false},"author":1,"featured_media":0,"comment_status":"open","ping_status":"open","sticky":false,"template":"","format":"standard","meta":{"footnotes":""},"categories":[27],"tags":[],"_links":{"self":[{"href":"http:\/\/niecodziennosc.kubic.info\/index.php?rest_route=\/wp\/v2\/posts\/8501"}],"collection":[{"href":"http:\/\/niecodziennosc.kubic.info\/index.php?rest_route=\/wp\/v2\/posts"}],"about":[{"href":"http:\/\/niecodziennosc.kubic.info\/index.php?rest_route=\/wp\/v2\/types\/post"}],"author":[{"embeddable":true,"href":"http:\/\/niecodziennosc.kubic.info\/index.php?rest_route=\/wp\/v2\/users\/1"}],"replies":[{"embeddable":true,"href":"http:\/\/niecodziennosc.kubic.info\/index.php?rest_route=%2Fwp%2Fv2%2Fcomments&post=8501"}],"version-history":[{"count":0,"href":"http:\/\/niecodziennosc.kubic.info\/index.php?rest_route=\/wp\/v2\/posts\/8501\/revisions"}],"wp:attachment":[{"href":"http:\/\/niecodziennosc.kubic.info\/index.php?rest_route=%2Fwp%2Fv2%2Fmedia&parent=8501"}],"wp:term":[{"taxonomy":"category","embeddable":true,"href":"http:\/\/niecodziennosc.kubic.info\/index.php?rest_route=%2Fwp%2Fv2%2Fcategories&post=8501"},{"taxonomy":"post_tag","embeddable":true,"href":"http:\/\/niecodziennosc.kubic.info\/index.php?rest_route=%2Fwp%2Fv2%2Ftags&post=8501"}],"curies":[{"name":"wp","href":"https:\/\/api.w.org\/{rel}","templated":true}]}}