{"id":8509,"date":"2007-11-20T23:01:01","date_gmt":"2007-11-20T22:01:01","guid":{"rendered":"http:\/\/niecodziennosc.kubic.info\/index.php\/2007\/11\/20\/oko-nie-nasyci-sie\/"},"modified":"2007-11-20T23:01:01","modified_gmt":"2007-11-20T22:01:01","slug":"oko-nie-nasyci-sie","status":"publish","type":"post","link":"http:\/\/niecodziennosc.kubic.info\/?p=8509","title":{"rendered":"Oko nie nasyci si\u0119&#8230;"},"content":{"rendered":"<div style=\"margin-left: 40px;\"><font size=\"2\" style=\"font-style: italic;\">M\u00f3wienie jest wysi\u0142kiem: nie zdo\u0142a cz\u0142owiek wyrazi\u0107 wszystkiego s\u0142owami. Nie nasyci si\u0119 oko patrzeniem ani ucho nape\u0142ni s\u0142uchaniem.<\/font><\/div>\n<div style=\"margin-left: 40px;\"><font size=\"2\" style=\"font-style: italic;\">Koh 1,8<\/font><\/div>\n<p><font size=\"2\">Od kilku wieczor\u00f3w pr\u00f3buj\u0119 powr\u00f3ci\u0107 do w\u0105tk\u00f3w &quot;duszy podr\u00f3\u017ce&quot; albo &quot;ma\u0142e filozofowanie&quot;. Bez skutku. Prze\u017cywam dzie\u0144, goni\u0119 (bardziej lub mniej), czuj\u0119&#8230; Nastaje wiecz\u00f3r, i zn\u00f3w uczucie, \u017ce by\u0107 mo\u017ce uciek\u0142o co\u015b bardzo wa\u017cnego. Mo\u017ce&#8230; uciek\u0142o \u017cycie&#8230;? Kolejny z niego dzie\u0144. <\/p>\n<p>Kiedy\u015b nie wyobra\u017ca\u0142em sobie, \u017ce mo\u017cna czu\u0107 ka\u017cd\u0105 godzin\u0119 \u017cycia. Ale od jakiego\u015b czasu wydaje mi si\u0119, \u017ce zaczynam czu\u0107 ka\u017cdy dzie\u0144. Ka\u017cdy, jakby drobn\u0105 cz\u0105stk\u0119, oddzielon\u0105 od pozosta\u0142ych, w kt\u00f3rej zdarzy\u0142o si\u0119 co\u015b, czego nie by\u0142o nigdy przedtem, i ju\u017c nie b\u0119dzie. <\/p>\n<p>Odruchowo my\u015bl\u0119, \u017ce szkoda, \u017ce istnienia Jego nie da si\u0119 udowodni\u0107 naukowo. Ale zaraz strofuj\u0119 siebie: przecie\u017c nauka to nie wszystko. To nasze czasy przypisa\u0142y jej wyolbrzymion\u0105 rol\u0119. Jeszcze do niedawna takie stwierdzenia jak &quot;cz\u0142owiek wi\u0119cej wie ni\u017c rozumie&quot; traktowane by\u0142y z przymr\u00f3\u017ceniem oka. A jednak wydaje mi si\u0119 niew\u0105tpliwe, \u017ce w tej wszechludzkiej i wszech\u015bwiatowej uk\u0142adance zg\u0142\u0119bionej ju\u017c przez cz\u0142owieka brakuje jakiego\u015b wa\u017cnego elementu. <\/p>\n<p>Sensu? A dlaczego istnienie Wszech\u015bwiata mia\u0142oby sens. Oczywi\u015bcie, wcale nie musi. Dziwne by\u0142oby tylko to, \u017ce wok\u00f3\u0142 nas obserwujemy tak wiele &quot;drobniejszych&quot; sens\u00f3w. Przyroda wydaje si\u0119 nie tolerowa\u0107 nonsensu, wszystko wydaje si\u0119 mie\u0107 tam cel. Cz\u0142owiek d\u0105\u017cy do tego, aby jego dzia\u0142anie mia\u0142o sens. Bez poczucia sensu cz\u0142owiek staje si\u0119 martwym za \u017cycia. Dlaczego zatem nie mia\u0142by istnie\u0107 sens nadrz\u0119dny, sens tego wszystkiego. Naszego istnienia, naszej rozwijaj\u0105cej si\u0119 samo\u015bwiadomo\u015bci, doskonalenia, panowania nad \u015brodowiskiem, materi\u0105. Marze\u0144 o nie\u015bmiertelno\u015bci&#8230;<\/p>\n<p>Ale zaraz. W spos\u00f3b logiczny (czyli naukowy) pr\u00f3buj\u0119 udowadnia\u0107 rzeczy, kt\u00f3re nie nale\u017c\u0105 do \u015bwiata nauki. Na nic to, nie t\u0119dy droga. Zap\u0119tlenie, tautologia. <br \/><\/font><\/p>\n","protected":false},"excerpt":{"rendered":"<div style=\"margin-left:... \n\n","protected":false},"author":1,"featured_media":0,"comment_status":"open","ping_status":"open","sticky":false,"template":"","format":"standard","meta":{"footnotes":""},"categories":[130],"tags":[],"_links":{"self":[{"href":"http:\/\/niecodziennosc.kubic.info\/index.php?rest_route=\/wp\/v2\/posts\/8509"}],"collection":[{"href":"http:\/\/niecodziennosc.kubic.info\/index.php?rest_route=\/wp\/v2\/posts"}],"about":[{"href":"http:\/\/niecodziennosc.kubic.info\/index.php?rest_route=\/wp\/v2\/types\/post"}],"author":[{"embeddable":true,"href":"http:\/\/niecodziennosc.kubic.info\/index.php?rest_route=\/wp\/v2\/users\/1"}],"replies":[{"embeddable":true,"href":"http:\/\/niecodziennosc.kubic.info\/index.php?rest_route=%2Fwp%2Fv2%2Fcomments&post=8509"}],"version-history":[{"count":0,"href":"http:\/\/niecodziennosc.kubic.info\/index.php?rest_route=\/wp\/v2\/posts\/8509\/revisions"}],"wp:attachment":[{"href":"http:\/\/niecodziennosc.kubic.info\/index.php?rest_route=%2Fwp%2Fv2%2Fmedia&parent=8509"}],"wp:term":[{"taxonomy":"category","embeddable":true,"href":"http:\/\/niecodziennosc.kubic.info\/index.php?rest_route=%2Fwp%2Fv2%2Fcategories&post=8509"},{"taxonomy":"post_tag","embeddable":true,"href":"http:\/\/niecodziennosc.kubic.info\/index.php?rest_route=%2Fwp%2Fv2%2Ftags&post=8509"}],"curies":[{"name":"wp","href":"https:\/\/api.w.org\/{rel}","templated":true}]}}