{"id":8512,"date":"2007-11-03T22:36:03","date_gmt":"2007-11-03T21:36:03","guid":{"rendered":"http:\/\/niecodziennosc.kubic.info\/index.php\/2007\/11\/03\/co-mysla-polki-o-mezczyznach\/"},"modified":"2007-11-03T22:36:03","modified_gmt":"2007-11-03T21:36:03","slug":"co-mysla-polki-o-mezczyznach","status":"publish","type":"post","link":"http:\/\/niecodziennosc.kubic.info\/?p=8512","title":{"rendered":"Co my\u015bl\u0105 Polki o m\u0119\u017cczyznach"},"content":{"rendered":"<p><font size=\"2\">Przegl\u0105daj\u0105c dzisiejszy <span style=\"font-style: italic;\">Dziennik<\/span> zobaczy\u0142em powy\u017cszy tytu\u0142. Gazeta zapyta\u0142a kobiety-Polki: Jadwig\u0119 Staniszkis, Monik\u0119 Olejnik, Manuel\u0119 Gretkowsk\u0105, Kazimier\u0119 Szczuk\u0119, Justyn\u0119 Pochanke. <\/p>\n<p>Czytaj\u0105c te opinie przypomnia\u0142em sobie jedn\u0105 z metod psychologicznych s\u0142u\u017c\u0105c\u0105 temu, aby o jakiej\u015b osobie dowiedzie\u0107 si\u0119 czego\u015b w spos\u00f3b po\u015bredni, niezauwa\u017cony. Nale\u017cy zapyta\u0107 t\u0119 osob\u0119, co s\u0105dzi o innych osobach, szczeg\u00f3lnie takich, z kt\u00f3rymi nie \u0142\u0105czy ich szczeg\u00f3lna przyja\u017a\u0144. Kto\u015b, opowiadaj\u0105c o innych ludziach, najwi\u0119cej m\u00f3wi o samym sobie &#8211; o swoim sposobie patrzenia, o przebytych do\u015bwiadczeniach, i swoich, niestety, problemach. Szczeg\u00f3lnie, gdy u\u017cywa uog\u00f3lnie\u0144. Ten mechanizm sprawdzi\u0142 si\u0119 moim zdaniem znakomicie w przypadku ma\u0142ej sondy <span style=\"font-style: italic;\">Dziennika<\/span>. <\/p>\n<p>Pozwol\u0119 sobie przytoczy\u0107 wybrane (oczywi\u015bcie nieobiektywnie) stwierdzenia:<\/p>\n<p><\/font><\/p>\n<div style=\"margin-left: 40px;\"><font size=\"2\">Jadwiga Staniszkis: <span style=\"font-style: italic;\">Charakteryzuje ich mi\u0119kko\u015b\u0107, chwiejno\u015b\u0107, zagubienie, chowanie si\u0119 za form\u0105 (&#8230;) kobiety ewoluowa\u0142y, przede wszystkim emocjonalnie i psychicznie, a m\u0119\u017cczy\u017ani pozostali w miejscu &#8211; zak\u0142opotani i zagubieni. Wielu z nich przyjmuje rozmaite strategie obronne. (&#8230;) M\u0119\u017cczy\u017ani nadal my\u015bl\u0105 w kategoriach walki, hierarchii, statusu i nie zd\u0105\u017cyli si\u0119 przystosowa\u0107 do takiego sposobu dzia\u0142ania i my\u015blenia, jaki reprezentuj\u0105 kobiety. <\/span><\/font><\/p>\n<p><font size=\"2\">Monika Olejnik: <span style=\"font-style: italic;\">&#8230;s\u0105 ambitni, zadbani i przystojni. Zmiany kulturowe ostatnich lat mia\u0142y na nich du\u017cy wp\u0142yw. I to pozytywny (&#8230;) Skupieni raczej na sobie ni\u017c na kobietach. S\u0105 bardziej egoistyczni. <\/span><\/font><\/p>\n<p><font size=\"2\">Manuela Gretkowska: <span style=\"font-style: italic;\">Po co dzie\u0144 m\u0119\u017cczyzn w Polsce? Skoro i tak maj\u0105 ci\u0105g\u0142y karnawa\u0142 (&#8230;) ka\u017cdy z nich, je\u015bli jest w zwi\u0105zku, pracuje o 10 godzin tygodniowo mniej ni\u017c jego partnerka (&#8230;) niczym nieuzasadnione zadowolenie z siebie (&#8230;) r\u00f3\u017cnica mi\u0119dzy polskim m\u0119\u017cczyzn\u0105 a europejskim &#8211; w wygl\u0105dzie i estetyce &#8211; jest mniej wi\u0119cej taka jak mi\u0119dzy neandertalczykiem a cz\u0142owiekiem z Kromanion. Polscy m\u0119\u017cczy\u017ani s\u0105 znakomici w \u0142\u00f3\u017cku. W efekcie czego tak znakomicie si\u0119 reprodukuj\u0105. <\/span><\/font><\/p>\n<p><font size=\"2\">Justyna Pochanke: <span style=\"font-style: italic;\">s\u0105 przer\u00f3\u017cni: i fantastyczni, zadbani, a niekt\u00f3rzy wr\u0119cz wymuskani, i kloszardzi, playboje, nie\u015bmiali&#8230; Jest ich ca\u0142a gama i na szcz\u0119\u015bcie nie da si\u0119 znale\u017a\u0107 wsp\u00f3lnego mianownika. (&#8230;) Dlatego \u0142atwiej by\u0142oby mi opowiedzie\u0107 o moim m\u0119\u017cczy\u017anie ni\u017c o polskich m\u0119\u017cczyznach jako takich. <\/span><br style=\"font-style: italic;\" \/><br \/><\/font><\/div>\n<p><font size=\"2\">Gdy odpowiadaj\u0105c na pytanie o tak szerok\u0105 i og\u00f3ln\u0105 grup\u0119, jak m\u0119\u017cczy\u017ani, wyra\u017ca si\u0119 wy\u0142\u0105cznie negatywne cechy (jak Panie Jadwiga i Manuela), to \u015bwiadczy to z wielkim prawdopodobie\u0144stwem o braku obiektywizmu. Ten brak nie wynika z ma\u0142ej \u015bwiadomo\u015bci, niedouczenia czy nieobycia, przecie\u017c Pani Jadwiga jest socjologiem, a Pani Manuela &#8211; pisark\u0105, wsp\u00f3\u0142tw\u00f3rczyni\u0105 partii politycznej (oraz jej plakatu na kt\u00f3rym postanowi\u0142a, wraz z innymi wsp\u00f3\u0142tw\u00f3rczyniami, walczy\u0107 o w\u0142adz\u0119 poprzez kolektywne pozbawienie si\u0119 ubra\u0144). <\/p>\n<p>Na tym tle czym\u015b innym wyr\u00f3\u017cniaj\u0105 si\u0119 s\u0142owa Pani Moniki i Pani Justyny. Szczeg\u00f3lnie &#8211; Pani Justyno &#8211; dzi\u0119kuj\u0119 za ciekawe, warte zastanowienia, s\u0142owa. <br \/><\/font><\/p>\n","protected":false},"excerpt":{"rendered":"<p><font ...\n<\/p>\n","protected":false},"author":1,"featured_media":0,"comment_status":"open","ping_status":"open","sticky":false,"template":"","format":"standard","meta":{"footnotes":""},"categories":[24],"tags":[],"_links":{"self":[{"href":"http:\/\/niecodziennosc.kubic.info\/index.php?rest_route=\/wp\/v2\/posts\/8512"}],"collection":[{"href":"http:\/\/niecodziennosc.kubic.info\/index.php?rest_route=\/wp\/v2\/posts"}],"about":[{"href":"http:\/\/niecodziennosc.kubic.info\/index.php?rest_route=\/wp\/v2\/types\/post"}],"author":[{"embeddable":true,"href":"http:\/\/niecodziennosc.kubic.info\/index.php?rest_route=\/wp\/v2\/users\/1"}],"replies":[{"embeddable":true,"href":"http:\/\/niecodziennosc.kubic.info\/index.php?rest_route=%2Fwp%2Fv2%2Fcomments&post=8512"}],"version-history":[{"count":0,"href":"http:\/\/niecodziennosc.kubic.info\/index.php?rest_route=\/wp\/v2\/posts\/8512\/revisions"}],"wp:attachment":[{"href":"http:\/\/niecodziennosc.kubic.info\/index.php?rest_route=%2Fwp%2Fv2%2Fmedia&parent=8512"}],"wp:term":[{"taxonomy":"category","embeddable":true,"href":"http:\/\/niecodziennosc.kubic.info\/index.php?rest_route=%2Fwp%2Fv2%2Fcategories&post=8512"},{"taxonomy":"post_tag","embeddable":true,"href":"http:\/\/niecodziennosc.kubic.info\/index.php?rest_route=%2Fwp%2Fv2%2Ftags&post=8512"}],"curies":[{"name":"wp","href":"https:\/\/api.w.org\/{rel}","templated":true}]}}