{"id":8518,"date":"2007-10-06T00:46:43","date_gmt":"2007-10-05T22:46:43","guid":{"rendered":"http:\/\/niecodziennosc.kubic.info\/index.php\/2007\/10\/06\/refleksje\/"},"modified":"2007-10-06T00:46:43","modified_gmt":"2007-10-05T22:46:43","slug":"refleksje","status":"publish","type":"post","link":"http:\/\/niecodziennosc.kubic.info\/?p=8518","title":{"rendered":"Refleksje"},"content":{"rendered":"<p><font size=\"2\">Jest dla mnie ogromnie dziwne, jak rzadko i z jak niewieloma lud\u017ami mo\u017cna porozmawia\u0107 na tematy najwa\u017cniejsze w \u017cyciu. Coraz bardziej przekonuj\u0119 si\u0119, \u017ce brak rozm\u00f3w na temat sensu \u017cycia nie wynika z tego, \u017ce mamy go ju\u017c za sob\u0105. Wprost przeciwnie. Nachodzi mnie nieprzeparte wra\u017cenie, \u017ce ogromna wi\u0119kszo\u015b\u0107 ludzi nie ma pewnej odpowiedzi na pytanie o sens ich \u017cycia. I boj\u0105c si\u0119 unikaj\u0105 tego tematu. <\/p>\n<p>Potrafimy rozmawia\u0107 o naszych dzieciach, znajomych, samochodach, polityce. Ale nie docieramy w tych rozmowach do sensu \u017cycia. A przecie\u017c one do niego prowadz\u0105. Tak rzadko mo\u017cna us\u0142ysze\u0107: ja \u017cyje po to lub tamto, to jest celem mojego \u017cycia. <\/p>\n<p>Czy ja wiem, co jest celem mojego \u017cycia? I ja, mam wra\u017cenie, nie wiem jeszcze tego do ko\u0144ca. Uporczywie pojawia mi si\u0119 jedno s\u0142owo: zrozumie\u0107. Zrozumie\u0107 to, co si\u0119 wok\u00f3\u0142 mnie dzieje, ludzi, kt\u00f3rzy cz\u0119sto mnie fascynuj\u0105, ale i irytuj\u0105. Zrozumie\u0107 &#8211; dlaczego.<\/p>\n<p>Gdy nadchodz\u0105 kr\u00f3tkie momenty, w kt\u00f3rych mog\u0119 spokojnie poobserwowa\u0107 innych, to otwieraj\u0105 mi si\u0119 oczy &#8211; na ludzkie problemy, s\u0142abo\u015bci, tak podobne do moich. Co\u015b co irytowa\u0142o &#8211; zaczyna wzbudza\u0107 wsp\u00f3\u0142czucie. Wtedy mo\u017cna wzi\u0105\u0107 sprawy w swoje r\u0119ce. <\/p>\n<p>Zacz\u0105\u0142em ostatnio bardziej zdecydowanie wychodzi\u0107 naprzeciw ludziom, zdarzeniom. Zaczynam do\u0142\u0105cza\u0107 si\u0119 aktywnie do ustanawiania regu\u0142 gry, jak\u0105 jest \u017cycie w\u015br\u00f3d innych ludzi. Nawet czasem dyktuj\u0119 warunki (!). I zobaczy\u0142em, \u017ce inni ludzie poddaj\u0105 si\u0119 temu, to ja wp\u0142ywam na nich, oczekuj\u0119 ich reakcji, zdecydowania. Ja narzucam styl rozmowy, m\u00f3wi\u0119, czego chc\u0119. <\/p>\n<p>W moim \u017cyciu otworzy\u0142a si\u0119 nowa karta. To zdarza si\u0119 co kilka lat. Pami\u0119tam, kiedy\u015b moje \u017cycie zmieni\u0142 Colas Breugnon Romain Rolland&#8217;a. W tym roku moje \u017cycie zmieni\u0142 pewien cz\u0142owiek, kt\u00f3ry pokaza\u0142 mi, jak zrobi\u0107 krok naprz\u00f3d. Co jaki\u015b czas otwiera si\u0119, wierz\u0119 \u017ce r\u00f3wnie\u017c przed Wami, nowy rozdzia\u0142. To jak wkroczenie do innego \u015bwiata. Niesamowite &#8211; \u017cyjemy tu, gdzie \u017cyli\u015bmy, ale na wi\u0119kszo\u015b\u0107 wa\u017cnych rzeczy zaczynamy patrze\u0107 inaczej, dostrzegamy, \u017ce maj\u0105 jeszcze inne cechy, ni\u017c my\u015bleli\u015bmy. Ze s\u0142ug stajemy si\u0119 panami, z czeladnik\u00f3w &#8211; mistrzami. Gdzie sami wykonywali\u015bmy polecenia, zaczynamy je wydawa\u0107 &#8211; bo zrozumieli\u015bmy wi\u0119cej. Sprawy nieznane staj\u0105 si\u0119 oczywiste. Ol\u015bnienie? Normalna droga \u017cycia. Fascynuj\u0105ca, pora\u017caj\u0105ca. <\/p>\n<p>Wr\u00f3ci\u0142em do domu oko\u0142o p\u00f3\u0142nocy. Nie widzia\u0142em mojej rodziny prawie dwie doby. Na stole &#8211; \u015blady jej dziennego \u017cycia. Farbkami namalowane drzewa, trawa. Wiem, \u017ce by\u0142a przy nich Sara. <\/p>\n<p>To dziecko sprawia, \u017ce cofam si\u0119 w moje dzieci\u0144stwo. T\u0119skni\u0119 zn\u00f3w do niego, cho\u0107 niepotrzebnie. Staram si\u0119 przypomnie\u0107 co ja czu\u0142em, kiedy by\u0142em taki, jak ona. Ale ma przecie\u017c tylko dwa lata. Prawie nikt nie pami\u0119ta niczego z tego wieku. Przypominam sobie moje fascynuj\u0105ce dzieci\u0144stwo, i chocia\u017c t\u0119skni\u0119, to przecie\u017c moje \u017cycie dzi\u015b to r\u00f3wnie\u017c pi\u0119kna bajka. <\/p>\n<p>Ju\u017c po p\u00f3\u0142nocy, ale nie chc\u0119 i\u015b\u0107 spa\u0107. Zagl\u0105dam do szafek w kuchni, Ioana kupi\u0142a mi to, co lubi\u0119. Na szafce &#8211; bukiet r\u00f3\u017c, moich ulubionych kwiat\u00f3w. Ich p\u0142atki zwijaj\u0105 si\u0119 w formie fraktala &#8211; niesko\u0144czono\u015bci. Kupi\u0142em je dla niej, a nast\u0119pnego dnia przekaza\u0142a mi wspania\u0142\u0105 wiadomo\u015b\u0107. Dowiecie si\u0119 o niej, ale jeszcze nie teraz&#8230;.<br \/><\/font><\/p>\n","protected":false},"excerpt":{"rendered":"<p><font size=\"2\">Jest dla &#8230;<\/p>\n","protected":false},"author":1,"featured_media":0,"comment_status":"open","ping_status":"open","sticky":false,"template":"","format":"standard","meta":{"footnotes":""},"categories":[27],"tags":[],"_links":{"self":[{"href":"http:\/\/niecodziennosc.kubic.info\/index.php?rest_route=\/wp\/v2\/posts\/8518"}],"collection":[{"href":"http:\/\/niecodziennosc.kubic.info\/index.php?rest_route=\/wp\/v2\/posts"}],"about":[{"href":"http:\/\/niecodziennosc.kubic.info\/index.php?rest_route=\/wp\/v2\/types\/post"}],"author":[{"embeddable":true,"href":"http:\/\/niecodziennosc.kubic.info\/index.php?rest_route=\/wp\/v2\/users\/1"}],"replies":[{"embeddable":true,"href":"http:\/\/niecodziennosc.kubic.info\/index.php?rest_route=%2Fwp%2Fv2%2Fcomments&post=8518"}],"version-history":[{"count":0,"href":"http:\/\/niecodziennosc.kubic.info\/index.php?rest_route=\/wp\/v2\/posts\/8518\/revisions"}],"wp:attachment":[{"href":"http:\/\/niecodziennosc.kubic.info\/index.php?rest_route=%2Fwp%2Fv2%2Fmedia&parent=8518"}],"wp:term":[{"taxonomy":"category","embeddable":true,"href":"http:\/\/niecodziennosc.kubic.info\/index.php?rest_route=%2Fwp%2Fv2%2Fcategories&post=8518"},{"taxonomy":"post_tag","embeddable":true,"href":"http:\/\/niecodziennosc.kubic.info\/index.php?rest_route=%2Fwp%2Fv2%2Ftags&post=8518"}],"curies":[{"name":"wp","href":"https:\/\/api.w.org\/{rel}","templated":true}]}}