{"id":8519,"date":"2007-10-04T23:46:25","date_gmt":"2007-10-04T21:46:25","guid":{"rendered":"http:\/\/niecodziennosc.kubic.info\/index.php\/2007\/10\/04\/najmniejszy-sens\/"},"modified":"2007-10-04T23:46:25","modified_gmt":"2007-10-04T21:46:25","slug":"najmniejszy-sens","status":"publish","type":"post","link":"http:\/\/niecodziennosc.kubic.info\/?p=8519","title":{"rendered":"Najmniejszy sens"},"content":{"rendered":"<p><font size=\"2\">Jestem pewien, \u017ce chwile sp\u0119dzone z Sar\u0105 b\u0119d\u0119 p\u00f3\u017aniej wspomina\u0142 jako jedne z najpi\u0119kniejszych w \u017cyciu. Ju\u017c je tak wspominam, ale wiem, \u017ce tym bardziej kiedy\u015b b\u0119d\u0105 mi one miodem na moje serce. Mo\u017ce w trudnych chwilach, samotnych. Nikt z nas nie wie, jak potoczy si\u0119 nasze \u017cycie, ale je\u015bli tylko On pozwoli mi zachowa\u0107 pami\u0119\u0107, b\u0119d\u0119 mia\u0142 co wspomina\u0107. <\/p>\n<p>By\u0142em z Sar\u0105 dzi\u015b u lekarza. Zaj\u0119li\u015bmy kolejk\u0119 i spacerowali\u015bmy w jesiennej, s\u0142onecznej atmosferze. Posadzi\u0142em j\u0105 na ma\u0142ym drzwie, patrzyli\u015bmy na czerwieniej\u0105ce, zielone kiedy\u015b listki, dotykali\u015bmy zmarszczonej kory. Bawili\u015bmy si\u0119 w chowanego, na tyle, na ile mo\u017cna si\u0119 w to bawi\u0107 w dwulatkiem. Wygl\u0105dali\u015bmy za ogrodzenie, &quot;ja te\u017c, ja te\u017c&quot; m\u00f3wi\u0142a, wyci\u0105gaj\u0105c do mnie r\u0119ce. &quot;Czy mo\u017cemy tam i\u015b\u0107?&quot; spyta\u0142a, patrz\u0105c na ogrodzony teren. Kolejne dzieci\u0119ce pytanie i kolejne oczekiwanie, \u017ce tata odpowie &#8211; jak najm\u0105drzej i najlepiej. &quot;Nie mo\u017cemy, po to jest ogrodzenie, \u017ceby nie wchodzi\u0107&quot;. Ale jednocze\u015bnie przypominam sobie te wszystkie chwile, w kt\u00f3rych \u0142ama\u0142em t\u0119 zasad\u0119. <\/p>\n<p>Jestem w pracy i wspominam t\u0119 dziesiejsz\u0105, porann\u0105 chwil\u0119, w kt\u00f3rej szli\u015bmy razem, a ja przesta\u0142em odbiera\u0107 natr\u0119tnie dzwoni\u0105c\u0105 kom\u00f3rk\u0119. <\/p>\n<p>Wspominam i nie mog\u0119 odp\u0119dzi\u0107 od siebie pytania &#8211; po co to wszystko&#8230; Po co s\u0142oneczne spacery z dwuletnim moim odbiciem, tak ze mn\u0105 wsp\u00f3lnym, jakby cz\u0119\u015bci\u0105 mojej duszy. Po co to prze\u017cywa\u0107, po co o tym pami\u0119ta\u0107&#8230;<\/p>\n<p>Je\u015bli jest jakikolwiek cho\u0107by jedyny i najmniejszy sens naszego istnienia, to sprawia on, \u017ce wszystko inne nabiera sensu. Czy mo\u017cliwe, \u017ce ca\u0142y nasze super skomplikowany, niesamowity i wspania\u0142y w swej z\u0142o\u017cono\u015bci \u015bwiat, nie mia\u0142 \u017cadnego sensu? Tak, to mo\u017cliwe, ale wydaje si\u0119 to zupe\u0142nie nieprawdopodobne. Za\u015b je\u015bli istnieje cho\u0107by najmniejszy sens, to, konsekwentnie, dowodzi on istnienia najwi\u0119kszego sensu &#8211; jest nim B\u00f3g. A my jeste\u015bmy Jego dzie\u0107mi. <br \/><\/font><\/p>\n","protected":false},"excerpt":{"rendered":"<p><font size=\"2\">Jestem &#8230;<\/p>\n","protected":false},"author":1,"featured_media":0,"comment_status":"open","ping_status":"open","sticky":false,"template":"","format":"standard","meta":{"footnotes":""},"categories":[130],"tags":[],"_links":{"self":[{"href":"http:\/\/niecodziennosc.kubic.info\/index.php?rest_route=\/wp\/v2\/posts\/8519"}],"collection":[{"href":"http:\/\/niecodziennosc.kubic.info\/index.php?rest_route=\/wp\/v2\/posts"}],"about":[{"href":"http:\/\/niecodziennosc.kubic.info\/index.php?rest_route=\/wp\/v2\/types\/post"}],"author":[{"embeddable":true,"href":"http:\/\/niecodziennosc.kubic.info\/index.php?rest_route=\/wp\/v2\/users\/1"}],"replies":[{"embeddable":true,"href":"http:\/\/niecodziennosc.kubic.info\/index.php?rest_route=%2Fwp%2Fv2%2Fcomments&post=8519"}],"version-history":[{"count":0,"href":"http:\/\/niecodziennosc.kubic.info\/index.php?rest_route=\/wp\/v2\/posts\/8519\/revisions"}],"wp:attachment":[{"href":"http:\/\/niecodziennosc.kubic.info\/index.php?rest_route=%2Fwp%2Fv2%2Fmedia&parent=8519"}],"wp:term":[{"taxonomy":"category","embeddable":true,"href":"http:\/\/niecodziennosc.kubic.info\/index.php?rest_route=%2Fwp%2Fv2%2Fcategories&post=8519"},{"taxonomy":"post_tag","embeddable":true,"href":"http:\/\/niecodziennosc.kubic.info\/index.php?rest_route=%2Fwp%2Fv2%2Ftags&post=8519"}],"curies":[{"name":"wp","href":"https:\/\/api.w.org\/{rel}","templated":true}]}}