{"id":8525,"date":"2007-09-07T02:12:31","date_gmt":"2007-09-07T00:12:31","guid":{"rendered":"http:\/\/niecodziennosc.kubic.info\/index.php\/2007\/09\/07\/wcale-nie-ladne-zdjecia\/"},"modified":"2007-09-07T02:12:31","modified_gmt":"2007-09-07T00:12:31","slug":"wcale-nie-ladne-zdjecia","status":"publish","type":"post","link":"http:\/\/niecodziennosc.kubic.info\/?p=8525","title":{"rendered":"Wcale nie &#8222;\u0142adne&#8221; zdj\u0119cia"},"content":{"rendered":"<div style=\"text-align: left;\"><font size=\"2\">Przegl\u0105dam reporta\u017ce na stronie <a href=\"http:\/\/www.viiphoto.com\/\">VII Photo Agency<\/a>, jednej z najlepszych agencji na \u015bwiecie. Konkretnie &#8211; reporta\u017c <\/font><strong><br \/>\n                                    <font size=\"2\">Donatella Versace                                    <\/font><\/strong><font size=\"2\">Laurena Greenfielda. Zdj\u0119cia gwiazd na bankiecie &#8211; m\u00f3wi\u0105c w skr\u00f3cie. Czym si\u0119 one wyr\u00f3\u017cniaj\u0105? Po prostu zwyk\u0142e zdj\u0119cia z imprezy, oczywi\u015bcie pomijaj\u0105c osobisto\u015bci, kt\u00f3re na nich si\u0119 pojawiaj\u0105. Zn\u00f3w s\u0105 to zdj\u0119cia, kt\u00f3re np. na zwyk\u0142ym, internetowym forum fotograficznym zebra\u0142yby najgorsze noty. S\u0142awni ludzie z\u0142apani w momentach, w kt\u00f3rych w\u0142a\u015bnie po\u0142ykaj\u0105 przek\u0105ski, s\u0105 odwr\u00f3ceni ty\u0142em do obiektywu, gdy wida\u0107 niedoskona\u0142o\u015bci ich cia\u0142a, tak skrz\u0119tnie ukrywane podczas \u017curnalowych sesji. <\/p>\n<p>Jakim fotografem, <\/font><font size=\"2\">trzeba by\u0107<\/font><font size=\"2\"> &#8211; z jak\u0105 pozycj\u0105 &#8211; aby m\u00f3c pokaza\u0107 takie zdj\u0119cia&#8230; <br \/><\/font><\/p>\n<hr style=\"width: 100%; height: 2px;\" \/><font size=\"2\"><br \/>Przegl\u0105dam zdj\u0119cia z Darfuru. Zdj\u0119cia s\u0105 pi\u0119kne, chocia\u017c przedstawiaj\u0105 dramatyczn\u0105 sytuacj\u0119. Zastanawia mnie ten kontrast wobec reporta\u017cu o Donatelli Versace. Z pewno\u015bci\u0105 jest to wida\u0107 tutaj interpretacj\u0119 fotoreporter\u00f3w, kt\u00f3rzy z sympati\u0105 odnosz\u0105 si\u0119 do mieszka\u0144c\u00f3w Darfuru, natomiast z rezerw\u0105 opowiadaj\u0105 o gwiazdach mody. Ale w reporta\u017cu z Darfuru wida\u0107 prac\u0119 fotografa &#8211; czasem stosowanie troch\u0119 zbyt prostych \u015brod\u00f3w, jak np. destabilizacja horyzontu. Dba\u0142o\u015b\u0107 o kompozycj\u0119 kadru zdradza, jakby fotograf bardziej interesowa\u0142 si\u0119 wygl\u0105dem swoich zdj\u0119\u0107 ni\u017c losem bohater\u00f3w. Czy punkt ci\u0119\u017cko\u015bci nie jest zbyt przesuni\u0119ty? To problem pojawiaj\u0105cy si\u0119 w ostatnich konkursach World Press Photo. <\/p>\n<p>Najbardziej przeszkadzaj\u0105 mi &quot;\u0142adne kadry&quot;, kt\u00f3re opowiadaj\u0105 o wcale nie przyjemnej sytuacji. To sprzeczno\u015b\u0107. Presja na fotograf\u00f3w jest ogromna &#8211; przedstawiany przez nich \u015bwiat ma by\u0107 &quot;\u0142adny&quot;, bez wzgl\u0119du na to, jaki jest naprawd\u0119. <\/font><font size=\"2\"><br \/><\/font><\/div>\n","protected":false},"excerpt":{"rendered":"<div style=\"text-align: ... \n\n","protected":false},"author":1,"featured_media":0,"comment_status":"open","ping_status":"open","sticky":false,"template":"","format":"standard","meta":{"footnotes":""},"categories":[35],"tags":[],"_links":{"self":[{"href":"http:\/\/niecodziennosc.kubic.info\/index.php?rest_route=\/wp\/v2\/posts\/8525"}],"collection":[{"href":"http:\/\/niecodziennosc.kubic.info\/index.php?rest_route=\/wp\/v2\/posts"}],"about":[{"href":"http:\/\/niecodziennosc.kubic.info\/index.php?rest_route=\/wp\/v2\/types\/post"}],"author":[{"embeddable":true,"href":"http:\/\/niecodziennosc.kubic.info\/index.php?rest_route=\/wp\/v2\/users\/1"}],"replies":[{"embeddable":true,"href":"http:\/\/niecodziennosc.kubic.info\/index.php?rest_route=%2Fwp%2Fv2%2Fcomments&post=8525"}],"version-history":[{"count":0,"href":"http:\/\/niecodziennosc.kubic.info\/index.php?rest_route=\/wp\/v2\/posts\/8525\/revisions"}],"wp:attachment":[{"href":"http:\/\/niecodziennosc.kubic.info\/index.php?rest_route=%2Fwp%2Fv2%2Fmedia&parent=8525"}],"wp:term":[{"taxonomy":"category","embeddable":true,"href":"http:\/\/niecodziennosc.kubic.info\/index.php?rest_route=%2Fwp%2Fv2%2Fcategories&post=8525"},{"taxonomy":"post_tag","embeddable":true,"href":"http:\/\/niecodziennosc.kubic.info\/index.php?rest_route=%2Fwp%2Fv2%2Ftags&post=8525"}],"curies":[{"name":"wp","href":"https:\/\/api.w.org\/{rel}","templated":true}]}}