{"id":8528,"date":"2007-08-09T20:55:36","date_gmt":"2007-08-09T18:55:36","guid":{"rendered":"http:\/\/niecodziennosc.kubic.info\/index.php\/2007\/08\/09\/normalnosc-w-nienormalnosci\/"},"modified":"2007-08-09T20:55:36","modified_gmt":"2007-08-09T18:55:36","slug":"normalnosc-w-nienormalnosci","status":"publish","type":"post","link":"http:\/\/niecodziennosc.kubic.info\/?p=8528","title":{"rendered":"Normalno\u015b\u0107 w nienormalno\u015bci"},"content":{"rendered":"<p><font size=\"2\">Ostatnie cztery dni &#8211; sp\u0119dzone w instytucie pediatrii w krakowskim Prokocimiu, na oddziale kardiologii. Najkr\u00f3cej m\u00f3g\u0142bym je okre\u015bli\u0107 s\u0142owami: normalno\u015b\u0107 w nienormalno\u015bci&#8230; <\/p>\n<p>Nienormalno\u015b\u0107 &#8211; poniewa\u017c to jest miejsce, kt\u00f3rego ka\u017cdy rodzic chcia\u0142by unikn\u0105\u0107. To noworodki, niemowlaki, dzieci 2, 3, 4&#8230; itd. -letnie, z bliznami na mostkach. Dzi\u0119ki tym bliznom \u017cyj\u0105, \u015bmiej\u0105 si\u0119, chodz\u0105, biegaj\u0105. Nie zdaj\u0105 sobie sprawy, \u017ce w ich \u017cyciu jest co\u015b niezwyk\u0142ego, nieprzeci\u0119tnego. Zachowuj\u0105 si\u0119 i czuj\u0105 normalnie, cho\u0107 ca\u0142a sytuacja ich \u017cycia nie jest normalna &#8211; to znaczy &#8211; nie jest przeci\u0119tna i zwyk\u0142a, jak u wi\u0119kszo\u015bci dzieci i ich rodzic\u00f3w. <\/p>\n<p>&quot;Przybij pi\u0105tk\u0119&quot; &#8211; tak doktor Zbigniew wita kolejnego malca, kt\u00f3ry wchodzi do jego gabinetu. Dzieciak za chwil\u0119 dostanie zabawk\u0119 do r\u0119ki, a doktor przy\u0142o\u017cy g\u0142owic\u0119 ultrasonografu do jego piersi, tu\u017c obok blizny. Jedni mali pacjenci s\u0105 spokojni, usypiaj\u0105 podczas badania, inni &#8211; wpadaj\u0105 w rozpacz na sam widok lekarskiego fartucha. Jak wszystkie inne dzieci. Nic niezwyk\u0142ego. Normalno\u015b\u0107. <\/p>\n<p>Nienormalno\u015b\u0107 &#8211; bo gra toczy si\u0119 o najwy\u017csz\u0105 stawk\u0119. To ju\u017c nawet nie \u0142zy matki, kt\u00f3ra zza przeszklonej \u015bciany patrzy na bezimienne jeszcze swoje dziecko, i na drgaj\u0105ce echo jego serca na komputerowym ekranie. Nienormalno\u015b\u0107, kt\u00f3ra w ko\u0144cu musi sta\u0107 si\u0119 normalno\u015bci\u0105, aby mo\u017cna by\u0142o dalej \u017cy\u0107, funkcjonowa\u0107, i walczy\u0107 o przysz\u0142o\u015b\u0107. <\/p>\n<p>Na oddziale dzieci\u0119cej kardiologii kolejny dzie\u0144. To zn\u00f3w badania USG trwaj\u0105ce kilkadziesi\u0105t minut, karmienie noworodk\u00f3w, wa\u017cenie pampers\u00f3w&#8230; O, dzi\u015b jest inaczej &#8211; przyszed\u0142 pan W\u0142odek zagipsowa\u0107 i pomalowa\u0107 fragmenty parapet\u00f3w i stropu. Dwoje dzieci opu\u015bci\u0142o oddzia\u0142, jedno przyby\u0142o. Normalno\u015b\u0107 w nienormalno\u015bci. <\/p>\n<p><img decoding=\"async\" border=\"0\" alt=\"\" src=\"wp-content\/uploads\/2019\/03\/prokocimwww.jpg\" \/><br \/> <\/font><\/p>\n","protected":false},"excerpt":{"rendered":"<p><font size=\"2\">Ostatnie &#8230;<\/p>\n","protected":false},"author":1,"featured_media":0,"comment_status":"open","ping_status":"open","sticky":false,"template":"","format":"standard","meta":{"footnotes":""},"categories":[35],"tags":[],"_links":{"self":[{"href":"http:\/\/niecodziennosc.kubic.info\/index.php?rest_route=\/wp\/v2\/posts\/8528"}],"collection":[{"href":"http:\/\/niecodziennosc.kubic.info\/index.php?rest_route=\/wp\/v2\/posts"}],"about":[{"href":"http:\/\/niecodziennosc.kubic.info\/index.php?rest_route=\/wp\/v2\/types\/post"}],"author":[{"embeddable":true,"href":"http:\/\/niecodziennosc.kubic.info\/index.php?rest_route=\/wp\/v2\/users\/1"}],"replies":[{"embeddable":true,"href":"http:\/\/niecodziennosc.kubic.info\/index.php?rest_route=%2Fwp%2Fv2%2Fcomments&post=8528"}],"version-history":[{"count":0,"href":"http:\/\/niecodziennosc.kubic.info\/index.php?rest_route=\/wp\/v2\/posts\/8528\/revisions"}],"wp:attachment":[{"href":"http:\/\/niecodziennosc.kubic.info\/index.php?rest_route=%2Fwp%2Fv2%2Fmedia&parent=8528"}],"wp:term":[{"taxonomy":"category","embeddable":true,"href":"http:\/\/niecodziennosc.kubic.info\/index.php?rest_route=%2Fwp%2Fv2%2Fcategories&post=8528"},{"taxonomy":"post_tag","embeddable":true,"href":"http:\/\/niecodziennosc.kubic.info\/index.php?rest_route=%2Fwp%2Fv2%2Ftags&post=8528"}],"curies":[{"name":"wp","href":"https:\/\/api.w.org\/{rel}","templated":true}]}}