{"id":8529,"date":"2007-08-04T02:28:42","date_gmt":"2007-08-04T00:28:42","guid":{"rendered":"http:\/\/niecodziennosc.kubic.info\/index.php\/2007\/08\/04\/bezbarwni-ludzie\/"},"modified":"2007-08-04T02:28:42","modified_gmt":"2007-08-04T00:28:42","slug":"bezbarwni-ludzie","status":"publish","type":"post","link":"http:\/\/niecodziennosc.kubic.info\/?p=8529","title":{"rendered":"&#8222;Bezbarwni&#8221; ludzie"},"content":{"rendered":"<p><font size=\"2\">Zastanawiam si\u0119 nad tym jak to si\u0119 dzieje, \u017ce niekt\u00f3rzy ludzie wygl\u0105daj\u0105 zupe\u0142nie niepozornie. Nie przyci\u0105gaj\u0105 uwagi otoczenia, s\u0105 jakby &quot;przezroczy\u015bci&quot;, o &quot;bezbarwnych&quot; oczach, nie zwracaj\u0105cej uwagi twarzy. Dzieci czy doro\u015bli &#8211; wiek nie ma znaczenia. S\u0105 dzieci, kt\u00f3re przyci\u0105gaj\u0105 wyrazisto\u015bci\u0105 spojrzenia, twarz\u0105 wysy\u0142aj\u0105c\u0105 pewne sygna\u0142y. S\u0105 inne, kt\u00f3re wydaj\u0105 si\u0119 nie promieniowa\u0107 niczego. Jak si\u0119 ma ten wygl\u0105d do ich \u017cycia wewn\u0119trznego, emocjonalnego&#8230;? Hipoteza robocza &#8211; wygl\u0105d nie \u015bwiadczy o \u017cyciu wewn\u0119trznym. <\/p>\n<p>Ciekawe, gdyby zrobi\u0107 seri\u0119 zdj\u0119\u0107 takim &quot;bezbarwnym&quot; z wygl\u0105du ludziom. Wydaje si\u0119 to zaprzeczeniem potocznego sensu fotografowania, bo przecie\u017c &quot;zdj\u0119cie powinno wyra\u017ca\u0107 co\u015b&quot;. Ale gdyby znale\u017a\u0107 ludzi, kt\u00f3rzy nie wyra\u017caj\u0105 niczego, albo wyra\u017caj\u0105 minimalne minimum. Wydaje mi si\u0119 to ciekawym eksperymentem fotograficzno-psychologicznym. Wzi\u0105\u0107 tych &quot;najzwyklejszych&quot;, ale czy rzeczywi\u015bcie z niczym nie wyr\u00f3\u017cniaj\u0105cym si\u0119 wn\u0119trzem&#8230;? <\/p>\n<p>Mechanizmy dzia\u0142aj\u0105ce w ludzkich duszach s\u0105 dla mnie fascynuj\u0105ce. Chyba nie m\u00f3g\u0142bym ich pomija\u0107 podczas fotografowania. <\/p>\n<p><\/font><\/p>\n","protected":false},"excerpt":{"rendered":"<p><font ...\n<\/p>\n","protected":false},"author":1,"featured_media":0,"comment_status":"open","ping_status":"open","sticky":false,"template":"","format":"standard","meta":{"footnotes":""},"categories":[35],"tags":[],"_links":{"self":[{"href":"http:\/\/niecodziennosc.kubic.info\/index.php?rest_route=\/wp\/v2\/posts\/8529"}],"collection":[{"href":"http:\/\/niecodziennosc.kubic.info\/index.php?rest_route=\/wp\/v2\/posts"}],"about":[{"href":"http:\/\/niecodziennosc.kubic.info\/index.php?rest_route=\/wp\/v2\/types\/post"}],"author":[{"embeddable":true,"href":"http:\/\/niecodziennosc.kubic.info\/index.php?rest_route=\/wp\/v2\/users\/1"}],"replies":[{"embeddable":true,"href":"http:\/\/niecodziennosc.kubic.info\/index.php?rest_route=%2Fwp%2Fv2%2Fcomments&post=8529"}],"version-history":[{"count":0,"href":"http:\/\/niecodziennosc.kubic.info\/index.php?rest_route=\/wp\/v2\/posts\/8529\/revisions"}],"wp:attachment":[{"href":"http:\/\/niecodziennosc.kubic.info\/index.php?rest_route=%2Fwp%2Fv2%2Fmedia&parent=8529"}],"wp:term":[{"taxonomy":"category","embeddable":true,"href":"http:\/\/niecodziennosc.kubic.info\/index.php?rest_route=%2Fwp%2Fv2%2Fcategories&post=8529"},{"taxonomy":"post_tag","embeddable":true,"href":"http:\/\/niecodziennosc.kubic.info\/index.php?rest_route=%2Fwp%2Fv2%2Ftags&post=8529"}],"curies":[{"name":"wp","href":"https:\/\/api.w.org\/{rel}","templated":true}]}}