{"id":8531,"date":"2007-07-09T00:16:09","date_gmt":"2007-07-08T22:16:09","guid":{"rendered":"http:\/\/niecodziennosc.kubic.info\/index.php\/2007\/07\/09\/nie-odbieram-poczty\/"},"modified":"2007-07-09T00:16:09","modified_gmt":"2007-07-08T22:16:09","slug":"nie-odbieram-poczty","status":"publish","type":"post","link":"http:\/\/niecodziennosc.kubic.info\/?p=8531","title":{"rendered":"Nie odbieram poczty&#8230;"},"content":{"rendered":"<p><font size=\"2\">Nie odbieram poczty &#8211; boj\u0119 si\u0119, \u017ce b\u0119dzie tam co\u015b do zrobienia, do zdecydowania, do zastanowienia. Wiem, \u017ce czekaj\u0105 na mnie sprawy. Oddalam je od siebie, mam wra\u017cenie, \u017ce im bardziej op\u00f3\u017ani\u0119 zaj\u0119cie si\u0119 nimi, tym wi\u0119cej b\u0119d\u0119 mia\u0142 spokoju. <\/p>\n<p><\/font><\/p>\n<div style=\"text-align: left;\"><font size=\"2\">Dzisiaj &#8211; jeden z element\u00f3w mojego dnia to walka z muszkami. Siadaj\u0105 i l\u0119gn\u0105 si\u0119 <\/font><font size=\"2\">w kuchni <\/font><font size=\"2\">na owocach, kt\u00f3rych mamy du\u017co &#8211; g\u0142\u00f3wnie czarne porzeczki, ale te\u017c i maliny, agrest, poziomki. Ioany nie by\u0142o w domu &#8211; pracowa\u0142a dzi\u015b 11 godzin. Ja natomiast od wczoraj zmagam si\u0119 z jakimi\u015b koszmarami. Pogmatwane sny w nocy, w dzie\u0144 &#8211; fale zm\u0119czenia, przeplatane napadami w\u015bciek\u0142o\u015bci, uczucie odr\u0119twienia, trudno\u015b\u0107 w zatrzymaniu si\u0119 w jednym miejscu, w &quot;nierobieniu niczego&quot;. To objawy &quot;odwyku&quot; &#8211; od szale\u0144czego tempa codziennej pracy, jakie sobie narzucam. To znam, objaw\u00f3w si\u0119 ju\u017c nie boj\u0119. Po prostu &#8211; trzeba przetrzyma\u0107, przetrwa\u0107. Wstr\u0119t do wszelkich obowi\u0105zk\u00f3w jest nawet po\u017cyteczny, o ile mo\u017cna sobie na niego pozwoli\u0107. A ja&#8230; czy mog\u0119?<\/p>\n<p>Lekka dezorientacja w domu. Kapcie c\u00f3rki pozostawione w jednym k\u0105cie, spodnie &#8211; w innym. Co i w jakiej kolejno\u015bci &#8211; mycie, ubieranie, \u015bniadanie. Kiedy nie robi si\u0119 tego na codzie\u0144, to nie jest \u0142atwo. Ja mam szcz\u0119\u015bcie &#8211; wi\u0119kszo\u015b\u0107 pi\u0105tku sp\u0119dzi\u0142em z Sar\u0105, wi\u0119kszo\u015b\u0107 soboty. Tak wi\u0119c dzi\u015b, w niedziel\u0119, rozumiemy si\u0119 ca\u0142kiem dobrze. Nabieramy tempa przy zmianie pampersa, nak\u0142adaniu spodni. Sara ch\u0119tnie je \u015bniadanie. <\/p>\n<p>Po po\u0142udniu &#8211; idziemy na spacer. Zabieram rower, jedzie ze mn\u0105 na do\u0142\u0105czonym foteliku. &quot;Tato, nie tak szybko&quot; &#8211; dzi\u015b jest wiatr, kt\u00f3ry rozwiewa jej w\u0142osy. <\/p>\n<p><img decoding=\"async\" border=\"0\" src=\"wp-content\/uploads\/2019\/03\/Saraspacer.jpg\" alt=\"\" \/><br \/><\/font><\/div>\n","protected":false},"excerpt":{"rendered":"<p><font size=\"2\">Nie &#8230;<\/p>\n","protected":false},"author":1,"featured_media":0,"comment_status":"open","ping_status":"open","sticky":false,"template":"","format":"standard","meta":{"footnotes":""},"categories":[50],"tags":[],"_links":{"self":[{"href":"http:\/\/niecodziennosc.kubic.info\/index.php?rest_route=\/wp\/v2\/posts\/8531"}],"collection":[{"href":"http:\/\/niecodziennosc.kubic.info\/index.php?rest_route=\/wp\/v2\/posts"}],"about":[{"href":"http:\/\/niecodziennosc.kubic.info\/index.php?rest_route=\/wp\/v2\/types\/post"}],"author":[{"embeddable":true,"href":"http:\/\/niecodziennosc.kubic.info\/index.php?rest_route=\/wp\/v2\/users\/1"}],"replies":[{"embeddable":true,"href":"http:\/\/niecodziennosc.kubic.info\/index.php?rest_route=%2Fwp%2Fv2%2Fcomments&post=8531"}],"version-history":[{"count":0,"href":"http:\/\/niecodziennosc.kubic.info\/index.php?rest_route=\/wp\/v2\/posts\/8531\/revisions"}],"wp:attachment":[{"href":"http:\/\/niecodziennosc.kubic.info\/index.php?rest_route=%2Fwp%2Fv2%2Fmedia&parent=8531"}],"wp:term":[{"taxonomy":"category","embeddable":true,"href":"http:\/\/niecodziennosc.kubic.info\/index.php?rest_route=%2Fwp%2Fv2%2Fcategories&post=8531"},{"taxonomy":"post_tag","embeddable":true,"href":"http:\/\/niecodziennosc.kubic.info\/index.php?rest_route=%2Fwp%2Fv2%2Ftags&post=8531"}],"curies":[{"name":"wp","href":"https:\/\/api.w.org\/{rel}","templated":true}]}}