{"id":8533,"date":"2007-06-26T23:25:36","date_gmt":"2007-06-26T21:25:36","guid":{"rendered":"http:\/\/niecodziennosc.kubic.info\/index.php\/2007\/06\/26\/z-wrzesniowych-mazur\/"},"modified":"2007-06-26T23:25:36","modified_gmt":"2007-06-26T21:25:36","slug":"z-wrzesniowych-mazur","status":"publish","type":"post","link":"http:\/\/niecodziennosc.kubic.info\/?p=8533","title":{"rendered":"Z wrze\u015bniowych Mazur"},"content":{"rendered":"<p><font size=\"2\">Dzi\u015b wietrzna, deszczowa pogoda. Po euforycznych upa\u0142ach &#8211; co\u015b sk\u0142aniaj\u0105cego do zamkni\u0119cia si\u0119 w sobie, uspokojenia, uporz\u0105dkowania ostatnich wra\u017ce\u0144. Zapach wiatru, szum, nieodwo\u0142alnie przypomina mi mazursk\u0105 pogod\u0119 i <\/font><font size=\"2\">rozpi\u0119te <\/font><font size=\"2\">\u017cagle nad g\u0142ow\u0105. Przypomina t\u0119 pozorn\u0105 nud\u0119 i pustk\u0119, wype\u0142nion\u0105 przez w\u0142asne my\u015bli, nieznane, bo st\u0142umione, a teraz wy\u0142aniaj\u0105ce si\u0119 z ka\u017cdym przep\u0142yni\u0119tym kilometrem. Bez silnika, bez radia, tylko o sile wiatru lub w\u0142asnych mi\u0119\u015bni. My\u015bli unosz\u0105ce si\u0119 gdzie\u015b nad \u0142\u00f3dk\u0105 w mroczne noce, gdy w\u015br\u00f3d uginaj\u0105cych si\u0119 od wiatru trzcin trzyma\u0142a nas rzucona w\u015br\u00f3d nie kotwica. Gdzie\u015b &#8211; dalekie, nieznane \u015bwiat\u0142a zagr\u00f3d, jak z innych galaktyk. <\/p>\n<p><\/font><font size=\"2\"><img decoding=\"async\" border=\"0\" src=\"wp-content\/uploads\/2019\/03\/mazury2.jpg\" alt=\"\" \/><\/font><br \/><font size=\"2\"><br \/>Wrze\u015bniowe Mazury, ju\u017c puste, smutne, troch\u0119 zimne. Gitara, klarnet, harmonijka &#8211; by zbli\u017cy\u0107 si\u0119 bardziej do trzcin, drzew, mijanych most\u00f3w; drobnych fal na wodzie. By uwolni\u0107 dusz\u0119. D\u017awi\u0119ki wypuszczane w dal, jak my\u015bli&#8230; czy uczucia&#8230;<\/p>\n<p>T\u0119skni\u0119 do tamtych chwil, przep\u0142ywaj\u0105 mi one w tak\u0105 pogod\u0119, jak dzi\u015b. <\/p>\n<p><\/font><font size=\"2\"><img decoding=\"async\" border=\"0\" src=\"wp-content\/uploads\/2019\/03\/mazury1.jpg\" alt=\"\" \/><\/font><\/p>\n","protected":false},"excerpt":{"rendered":"<p><font size=\"2\">Dzi\u015b &#8230;<\/p>\n","protected":false},"author":1,"featured_media":0,"comment_status":"open","ping_status":"open","sticky":false,"template":"","format":"standard","meta":{"footnotes":""},"categories":[27],"tags":[],"_links":{"self":[{"href":"http:\/\/niecodziennosc.kubic.info\/index.php?rest_route=\/wp\/v2\/posts\/8533"}],"collection":[{"href":"http:\/\/niecodziennosc.kubic.info\/index.php?rest_route=\/wp\/v2\/posts"}],"about":[{"href":"http:\/\/niecodziennosc.kubic.info\/index.php?rest_route=\/wp\/v2\/types\/post"}],"author":[{"embeddable":true,"href":"http:\/\/niecodziennosc.kubic.info\/index.php?rest_route=\/wp\/v2\/users\/1"}],"replies":[{"embeddable":true,"href":"http:\/\/niecodziennosc.kubic.info\/index.php?rest_route=%2Fwp%2Fv2%2Fcomments&post=8533"}],"version-history":[{"count":0,"href":"http:\/\/niecodziennosc.kubic.info\/index.php?rest_route=\/wp\/v2\/posts\/8533\/revisions"}],"wp:attachment":[{"href":"http:\/\/niecodziennosc.kubic.info\/index.php?rest_route=%2Fwp%2Fv2%2Fmedia&parent=8533"}],"wp:term":[{"taxonomy":"category","embeddable":true,"href":"http:\/\/niecodziennosc.kubic.info\/index.php?rest_route=%2Fwp%2Fv2%2Fcategories&post=8533"},{"taxonomy":"post_tag","embeddable":true,"href":"http:\/\/niecodziennosc.kubic.info\/index.php?rest_route=%2Fwp%2Fv2%2Ftags&post=8533"}],"curies":[{"name":"wp","href":"https:\/\/api.w.org\/{rel}","templated":true}]}}