{"id":8537,"date":"2007-06-16T15:57:10","date_gmt":"2007-06-16T13:57:10","guid":{"rendered":"http:\/\/niecodziennosc.kubic.info\/index.php\/2007\/06\/16\/byl-wernisaz\/"},"modified":"2007-06-16T15:57:10","modified_gmt":"2007-06-16T13:57:10","slug":"byl-wernisaz","status":"publish","type":"post","link":"http:\/\/niecodziennosc.kubic.info\/?p=8537","title":{"rendered":"By\u0142 wernisa\u017c"},"content":{"rendered":"<p><font size=\"2\"><font size=\"1\">Napisane wczoraj.<\/font><\/p>\n<p>Wr\u00f3ci\u0142em przed chwil\u0105 z wernisa\u017cu. Czuj\u0119 delikatny spok\u00f3j, to ciekawe &quot;zatrzymanie w sobie&quot;, jak zwykle po osi\u0105gni\u0119ciu czego\u015b nowego, po kroku naprz\u00f3d dokonanym z nagrodzonym wreszcie wysi\u0142kiem. Najciekawsze s\u0105 dla mnie jednak rozmowy z lud\u017ami, kt\u00f3rzy przyszli, oddaj\u0105c cz\u0119\u015b\u0107<br \/>swojego czasu. Patrzenie na nich, kiedy formu\u0142uj\u0105 my\u015bli, przypominaj\u0105 sobie co\u015b, kiedy s\u0142uchaj\u0105. Ten kontakt, ciep\u0142y, serdeczny, otwarty. Chyba to mnie najbardziej cieszy. I cho\u0107 dzisiaj nie wypada\u0142o mi robi\u0107 zdj\u0119\u0107, to mia\u0142em ochot\u0119 z\u0142apa\u0107 za aparat i nie traci\u0107 tych drgie\u0144 twarzy, spojrze\u0144, u\u015bmiech\u00f3w. <\/p>\n<p><img decoding=\"async\" border=\"0\" src=\"wp-content\/uploads\/2019\/03\/senomoimmiast.jpg\" alt=\"\" \/><br \/><font size=\"1\" style=\"color: rgb(153, 153, 153);\">fot. Ioana Kubic<\/font><\/p>\n<p><\/font><font size=\"2\">Fotografowanie w\u0142a\u015bnie ludzi jest fascynuj\u0105cym zaj\u0119ciem.<br \/>\nTak naprawd\u0119 aparat fotograficzny jest pretekstem do tego, aby kogo\u015b<br \/>\npozna\u0107, zafascynowa\u0107 si\u0119 nim, i w efekcie wykra\u015b\u0107 mu cz\u0119\u015b\u0107 jego samego, czasem nawet t\u0119<br \/>\ncz\u0119\u015b\u0107, z kt\u00f3rej nie bardzo zdaje sobie sprawy. S\u0142owem &#8211; to odkrywanie<br \/>\ninnych.  <\/font><\/p>\n","protected":false},"excerpt":{"rendered":"<p><font size=\"2\"><font ...\n<\/p>\n","protected":false},"author":1,"featured_media":0,"comment_status":"open","ping_status":"open","sticky":false,"template":"","format":"standard","meta":{"footnotes":""},"categories":[35],"tags":[],"_links":{"self":[{"href":"http:\/\/niecodziennosc.kubic.info\/index.php?rest_route=\/wp\/v2\/posts\/8537"}],"collection":[{"href":"http:\/\/niecodziennosc.kubic.info\/index.php?rest_route=\/wp\/v2\/posts"}],"about":[{"href":"http:\/\/niecodziennosc.kubic.info\/index.php?rest_route=\/wp\/v2\/types\/post"}],"author":[{"embeddable":true,"href":"http:\/\/niecodziennosc.kubic.info\/index.php?rest_route=\/wp\/v2\/users\/1"}],"replies":[{"embeddable":true,"href":"http:\/\/niecodziennosc.kubic.info\/index.php?rest_route=%2Fwp%2Fv2%2Fcomments&post=8537"}],"version-history":[{"count":0,"href":"http:\/\/niecodziennosc.kubic.info\/index.php?rest_route=\/wp\/v2\/posts\/8537\/revisions"}],"wp:attachment":[{"href":"http:\/\/niecodziennosc.kubic.info\/index.php?rest_route=%2Fwp%2Fv2%2Fmedia&parent=8537"}],"wp:term":[{"taxonomy":"category","embeddable":true,"href":"http:\/\/niecodziennosc.kubic.info\/index.php?rest_route=%2Fwp%2Fv2%2Fcategories&post=8537"},{"taxonomy":"post_tag","embeddable":true,"href":"http:\/\/niecodziennosc.kubic.info\/index.php?rest_route=%2Fwp%2Fv2%2Ftags&post=8537"}],"curies":[{"name":"wp","href":"https:\/\/api.w.org\/{rel}","templated":true}]}}