{"id":8541,"date":"2007-06-10T00:55:55","date_gmt":"2007-06-09T22:55:55","guid":{"rendered":"http:\/\/niecodziennosc.kubic.info\/index.php\/2007\/06\/10\/obserwowac-corke\/"},"modified":"2007-06-10T00:55:55","modified_gmt":"2007-06-09T22:55:55","slug":"obserwowac-corke","status":"publish","type":"post","link":"http:\/\/niecodziennosc.kubic.info\/?p=8541","title":{"rendered":"Obserwowa\u0107 c\u00f3rk\u0119"},"content":{"rendered":"<p><font size=\"2\">Nie mog\u0119 si\u0119 nadziwi\u0107 jak to jest, \u017ce dusza nie chce do snu. Widocznie moja c\u00f3rka jest ju\u017c bardziej dojrza\u0142a pod tym wzgl\u0119dem ode mnie. Wieczorem w pewnym momencie \u017cegna si\u0119 z babci\u0105, bierze mam\u0119 za r\u0119k\u0119 i m\u00f3wi &#8211; do \u0142\u00f3\u017ceczka. Trzeba oczywi\u015bcie przej\u015b\u0107 ca\u0142y rytua\u0142 &#8211; mycie, przebieranie &#8211; ale kiedy wreszcie dotrze do \u0142\u00f3\u017cka, uk\u0142ada si\u0119 &#8211; to na jednym, to na drugim boku, s\u0142ucha bajki, powtarzaj\u0105c szeptem niekt\u00f3re s\u0142owa&#8230; I usypia&#8230; Po prostu to lubi, cho\u0107 kiedy\u015b &#8211; nienawidzi\u0142a. <\/p>\n<p>Ja nie mog\u0119 tak sobie i\u015b\u0107 spa\u0107. Czekam jeszcze na jaki\u015b znak, jakie\u015b prze\u017cycie &#8211; jakby mi ich brakowa\u0142o w ci\u0105gu dnia. Wracam do domu samochodem, po pustej drodze osi\u0105gam pr\u0119dko\u015b\u0107, jak\u0105 tylko ten samoch\u00f3d potrafi osi\u0105gn\u0105\u0107. S\u0142ucham muzyki. Mo\u017ce dlatego nie chc\u0119 spa\u0107 po powrocie. Sen to jak \u015bmier\u0107. A \u017cycie jest tak ciekawe. Cho\u0107 zapewne i jutro czeka mnie dzie\u0144&#8230;<\/p>\n<p>Lubi\u0119 ogromnie obserwowa\u0107 moj\u0105 c\u00f3rk\u0119. To fascynuj\u0105ce kiedy ona pr\u00f3buje zrozumie\u0107 co\u015b nowego. Niekt\u00f3rzy rodzice spiesz\u0105 z wyja\u015bnieniami, instrukcjami. I odbieraj\u0105 dziecku napi\u0119kniejsze chwile samodzielnego odkrycia. <\/p>\n<p>Bardzo cz\u0119sto \u0142api\u0119 si\u0119 na tym, \u017ce widz\u0119 w Sarze siebie. Rozumiem jej wyrazy twarzy, kiedy czemu\u015b si\u0119 przygl\u0105da, co\u015b pr\u00f3buje zrozumie\u0107. Rozumiem, dlaczego zaprzecza czemu\u015b, rozumiem o co jej chodzi, gdy co\u015b robi na przek\u00f3r. Rozumiem, kiedy co\u015b jest jeszcze dla niej za trudne. Zdarza si\u0119, \u017ce ona \u017cartuje ze mnie, bo ja czasem \u017cartuj\u0119 z niej.\u00a0  Czy to mo\u017cliwe, \u017ceby dwuletnie dziecko \u017cartowa\u0142o sobie &#8211; ca\u0142kiem zreszt\u0105 sympatycznie, zaczepiaj\u0105c go &#8211; z ojcem&#8230;<\/p>\n<p>Jest mi\u0119dzy nami jaka\u015b ni\u0107 porozumienia &#8211; mam wra\u017cenie, \u017ce wyczuwam j\u0105. To jest nie do opisania. Widz\u0119 w niej siebie &#8211; nie tyle pod wzgl\u0119dem intelektualnym, bo w tym rozwoju dzieli nas sporo &#8211; ale wiedz\u0119, \u017ce emocjonalnie jeste\u015bmy bardzo sobie bliscy. Dzi\u0119ki ma\u0142ej Sarze mam wra\u017cenie, \u017ce emocjonalnie niewiele si\u0119 zmieni\u0142em od czasu mojego dzieci\u0144stwa, cho\u0107 nauczy\u0142em si\u0119 intelektualnie panowa\u0107 nad uczuciami w niekt\u00f3rych momentach. Ale mamy te same odruchy, te same zamy\u015blenia, t\u0119 fascynacj\u0119&#8230; Ona mnie naprawd\u0119 rozumie &#8211; to, co chc\u0119 powiedzie\u0107, wyja\u015bni\u0107. <br \/>Nie wiem czy co\u015b na \u015bwiecie mo\u017ce dor\u00f3wna\u0107 cz\u0142owiekowi, nawet je\u015bli jest to dziecko. Samodzielna istota, kt\u00f3rej nie mo\u017cna zaw\u0142aszczy\u0107 &#8211; jak samoch\u00f3d, komputer, mieszkanie. Albo traktuje si\u0119 je powa\u017cnie, jak cz\u0142owieka, albo kiedy\u015b poka\u017ce nam fig\u0119 z makiem&#8230;<br \/><\/font><\/p>\n","protected":false},"excerpt":{"rendered":"<p><font size=\"2\">Nie mog\u0119 &#8230;<\/p>\n","protected":false},"author":1,"featured_media":0,"comment_status":"open","ping_status":"open","sticky":false,"template":"","format":"standard","meta":{"footnotes":""},"categories":[469],"tags":[],"_links":{"self":[{"href":"http:\/\/niecodziennosc.kubic.info\/index.php?rest_route=\/wp\/v2\/posts\/8541"}],"collection":[{"href":"http:\/\/niecodziennosc.kubic.info\/index.php?rest_route=\/wp\/v2\/posts"}],"about":[{"href":"http:\/\/niecodziennosc.kubic.info\/index.php?rest_route=\/wp\/v2\/types\/post"}],"author":[{"embeddable":true,"href":"http:\/\/niecodziennosc.kubic.info\/index.php?rest_route=\/wp\/v2\/users\/1"}],"replies":[{"embeddable":true,"href":"http:\/\/niecodziennosc.kubic.info\/index.php?rest_route=%2Fwp%2Fv2%2Fcomments&post=8541"}],"version-history":[{"count":0,"href":"http:\/\/niecodziennosc.kubic.info\/index.php?rest_route=\/wp\/v2\/posts\/8541\/revisions"}],"wp:attachment":[{"href":"http:\/\/niecodziennosc.kubic.info\/index.php?rest_route=%2Fwp%2Fv2%2Fmedia&parent=8541"}],"wp:term":[{"taxonomy":"category","embeddable":true,"href":"http:\/\/niecodziennosc.kubic.info\/index.php?rest_route=%2Fwp%2Fv2%2Fcategories&post=8541"},{"taxonomy":"post_tag","embeddable":true,"href":"http:\/\/niecodziennosc.kubic.info\/index.php?rest_route=%2Fwp%2Fv2%2Ftags&post=8541"}],"curies":[{"name":"wp","href":"https:\/\/api.w.org\/{rel}","templated":true}]}}