{"id":8546,"date":"2007-05-19T00:55:27","date_gmt":"2007-05-18T22:55:27","guid":{"rendered":"http:\/\/niecodziennosc.kubic.info\/index.php\/2007\/05\/19\/wycinek-raju\/"},"modified":"2007-05-19T00:55:27","modified_gmt":"2007-05-18T22:55:27","slug":"wycinek-raju","status":"publish","type":"post","link":"http:\/\/niecodziennosc.kubic.info\/?p=8546","title":{"rendered":"Wycinek raju"},"content":{"rendered":"<p><font size=\"2\">Wczoraj zacz\u0119\u0142o si\u0119 od tego, \u017ce Ioana zapragn\u0119\u0142a przeczyta\u0107 fajn\u0105 ksi\u0105\u017ck\u0119. &quot;Mistrz i Ma\u0142gorzata&quot; &#8211; wpad\u0142o jej do g\u0142owy, zreszt\u0105 mnie te\u017c &#8211; kilka dni wcze\u015bniej. Gdzie\u015b ta ksi\u0105\u017cka by\u0142a, przeszukawszy domowe p\u00f3\u0142ki zacza\u0142em wybiera\u0107 si\u0119 na strych. Ignoruj\u0105c pro\u015bb\u0119 mojej dziewczyny, \u017ceby si\u0119 przebra\u0107 (by\u0142em w jasnym ubraniu &#8211; przecie\u017c b\u0119d\u0119 tylko chwil\u0119), sk\u0142oniwszy g\u0142ow\u0119 pod najni\u017csz\u0105 krokwi\u0105, wkroczy\u0142em w kr\u00f3lestwo naszej domowej przesz\u0142o\u015bci. Za latark\u0119 s\u0142u\u017cy\u0142a mi lampka w telefonie kom\u00f3rkowym, zreszt\u0105 jako\u015b nie zapali\u0142em strychowej \u017car\u00f3wki, nie wiem dlaczego. <\/p>\n<p>Kartony z ksi\u0105\u017ckami okaza\u0142y si\u0119 bardzo ciekawe. Od razu cofn\u0105\u0142em si\u0119 w przesz\u0142o\u015b\u0107 &#8211; tak z 15 lat. Tata czyta\u0142 du\u017co marynistyki. J\u0105\u0142em oddziela\u0107 ksi\u0105\u017cki dla dzieci, kt\u00f3re wkr\u00f3tce b\u0119d\u0105 dla Sary, od klasyki polskiej &#8211; \u017beromski, Kraszewski, Norwid. Przechodz\u0105c od kartonu do kartonu natrafi\u0142em na kasety magnetofonowe. O jej, to moje natchnienia z przesz\u0142o\u015bci. Pomaga\u0142y przetrwa\u0107 studenckie czasy, gdy wstawa\u0142em zim\u0105 w ciemno\u015bciach, i wraca\u0142em w ciemno\u015bciach wieczorem na stancj\u0119. Czasy strasznej har\u00f3wki, kt\u00f3rej pr\u00f3bowa\u0142em podo\u0142a\u0107. Do dzi\u015b nie do ko\u0144ca rozumiem tamte czasy. Ich ukoronowaniem, i jednocze\u015bnie szczytem stresu, by\u0142o zakochanie si\u0119 w mojej przysz\u0142ej \u017conie, z kt\u00f3r\u0105 mog\u0142em si\u0119 zobaczy\u0107 \u015brednio raz na trzy-cztery miesi\u0105ce. <\/p>\n<p>Znalaz\u0142em jeden z utwor\u00f3w &#8211; Varius Manx, z tekstem Anity Lipnickiej, kt\u00f3ry ko\u0144czy si\u0119 s\u0142owami:<\/p>\n<p><\/font><\/p>\n<div style=\"margin-left: 40px;\"><font size=\"2\" style=\"font-style: italic;\"><br \/>\nOne day I&#8217;ll be the star<br \/>\nI won&#8217;t be said no more<br \/>\nOne day I&#8217;ll stop to cry<br \/>\nAnd all my dreams will be gone !!!<\/font><\/div>\n<p><font size=\"2\">Fajny utw\u00f3r, konsekwentnie i zgrabnie zaaran\u017cowany &#8211; tak go s\u0142ysz\u0119 i dzisiaj &#8211; z ogromnym \u0142adunkiem emocji, co na mnie zawsze unosi\u0142o na skrzyd\u0142ach. Mo\u017ce za ma\u0142o urozmaicenia w liniach melodycznych instrument\u00f3w. A s\u0142owa &#8211; m\u00f3wi\u0105 o tak naprawd\u0119 o raju &#8211; chwili, w kt\u00f3rej nie b\u0119dziemy smutni, spe\u0142nimy marzenia, wreszcie b\u0119dzie idealnie. <\/p>\n<p>Dzi\u015b wiem, \u017ce to nie mo\u017ce si\u0119 sta\u0107 w ci\u0105gu tego \u017cycia. A to dlatego, \u017ce osiaganie kolejnych &quot;raj\u00f3w&quot; zdradza, \u017ce nie s\u0105 one idealne &#8211; same w sobie. By\u0107 mo\u017ce raj mo\u017cna zatrzyma\u0107 cho\u0107 troch\u0119 w nas, kiedy ju\u017c si\u0119 dostatecznie wiele rozumie i umie z \u017cycia. Raj to stan, kt\u00f3ry trzeba ci\u0105gle chroni\u0107 &#8211; nie tylko przed przeciwno\u015bciami pochodz\u0105cymi z zewn\u0105trz, ale nawet od nas samych. Raj jest mo\u017cliwy i teraz, ale utrzymuje si\u0119 go spor\u0105 prac\u0105, samozaparciem, zaprzeczeniem egoizmu. Raj znakomicie opisany w ewangeliach i listach aposto\u0142\u00f3w. To jest w\u0142a\u015bnie ta linia, nazywa si\u0119 tam &quot;Kr\u00f3lestwem Bo\u017cym&quot;. Mo\u017ce to brzmi nieco anachronicznie w dzisiejszych czasach, mo\u017cna to zast\u0105pi\u0107 innym okre\u015bleniem, ale to nie zmienia faktu, \u017ce tam jest klucz do tego, o czym wi\u0119kszo\u015b\u0107 ludzi marzy. <\/p>\n<p>Marzenia o tym, by wreszcie by\u0142o dobrze. Ale nigdy nie b\u0119dzie dobrze samo z siebie. Poczucie, \u017ce &quot;jest dobrze&quot; wyp\u0142ywa ze \u015bwiadomego dokonania oceny sytuacji i swierdzenia &#8211; \u017ce jest dobrze &#8211; pomimo przeciwno\u015bci. One nigdy nie znikn\u0105. <\/p>\n<p>By\u0107 mo\u017ce istnienie ludzko\u015bci nie ma og\u00f3lnego sensu &#8211; jest mo\u017cliwe, \u017ce umrzemy i to b\u0119dzie dla nas koniec wszystkiego. Ale wtedy poszukiwanie raju, tak obecne w konstrukcji cz\u0142owieka, nie ma wi\u0119kszego sensu, jest wybrykiem nie wiadomo kogo lub czego. Je\u015bli istnienie ludzi, wraz z ich ch\u0119cia doskonalenia si\u0119, zbierania do\u015bwiadczenia, ma mie\u0107 cho\u0107 ma\u0142y sens, to nie mo\u017ce si\u0119 ono sko\u0144czy\u0107 wraz ze \u015bmierci\u0105. <\/p>\n<p>Na koniec &#8211; ma\u0142y wycinek raju, kt\u00f3ry zgodzi\u0142 si\u0119 zosta\u0107 sfotografowany dzisiaj \ud83d\ude42<\/p>\n<p><img decoding=\"async\" border=\"0\" alt=\"\" src=\"wp-content\/uploads\/2019\/03\/onam.jpg\" \/><br \/><\/font><\/p>\n","protected":false},"excerpt":{"rendered":"<p><font size=\"2\">Wczoraj &#8230;<\/p>\n","protected":false},"author":1,"featured_media":0,"comment_status":"open","ping_status":"open","sticky":false,"template":"","format":"standard","meta":{"footnotes":""},"categories":[27],"tags":[],"_links":{"self":[{"href":"http:\/\/niecodziennosc.kubic.info\/index.php?rest_route=\/wp\/v2\/posts\/8546"}],"collection":[{"href":"http:\/\/niecodziennosc.kubic.info\/index.php?rest_route=\/wp\/v2\/posts"}],"about":[{"href":"http:\/\/niecodziennosc.kubic.info\/index.php?rest_route=\/wp\/v2\/types\/post"}],"author":[{"embeddable":true,"href":"http:\/\/niecodziennosc.kubic.info\/index.php?rest_route=\/wp\/v2\/users\/1"}],"replies":[{"embeddable":true,"href":"http:\/\/niecodziennosc.kubic.info\/index.php?rest_route=%2Fwp%2Fv2%2Fcomments&post=8546"}],"version-history":[{"count":0,"href":"http:\/\/niecodziennosc.kubic.info\/index.php?rest_route=\/wp\/v2\/posts\/8546\/revisions"}],"wp:attachment":[{"href":"http:\/\/niecodziennosc.kubic.info\/index.php?rest_route=%2Fwp%2Fv2%2Fmedia&parent=8546"}],"wp:term":[{"taxonomy":"category","embeddable":true,"href":"http:\/\/niecodziennosc.kubic.info\/index.php?rest_route=%2Fwp%2Fv2%2Fcategories&post=8546"},{"taxonomy":"post_tag","embeddable":true,"href":"http:\/\/niecodziennosc.kubic.info\/index.php?rest_route=%2Fwp%2Fv2%2Ftags&post=8546"}],"curies":[{"name":"wp","href":"https:\/\/api.w.org\/{rel}","templated":true}]}}