{"id":8547,"date":"2007-05-12T23:48:18","date_gmt":"2007-05-12T21:48:18","guid":{"rendered":"http:\/\/niecodziennosc.kubic.info\/index.php\/2007\/05\/12\/wieczorna-dawka\/"},"modified":"2007-05-12T23:48:18","modified_gmt":"2007-05-12T21:48:18","slug":"wieczorna-dawka","status":"publish","type":"post","link":"http:\/\/niecodziennosc.kubic.info\/?p=8547","title":{"rendered":"Wieczorna dawka"},"content":{"rendered":"<p><font size=\"2\">Wieczorna dawka insuliny. Nakr\u0119caj\u0105c t\u0142oczek i szukaj\u0105c na biodrze wolnego do wk\u0142ucia miejsca, przypominam sobie dzisiejszy dzie\u0144. Oddechy li\u015bci, okalaj\u0105cych nasz dom, podw\u00f3rko. Drzewa jak parasolami nakry\u0142y nas. Pomi\u0119dzy domem a stodo\u0142\u0105, kt\u00f3ra kiedy\u015b ni\u0105 by\u0142a, dzi\u015b &#8211; zmieniona na gara\u017ce &#8211; postawi\u0142em m\u00f3j stary rower. Ma dwadzie\u015bcia lat. Z niepewno\u015bci\u0105 co z nim robi\u0107, odrzuca\u0142em cz\u0119\u015bci, kt\u00f3re od dawna nie spe\u0142nia\u0142y swojej funkcji. Po zakupie kilku nowych element\u00f3w &#8211; od\u017cy\u0142. \u017bwawy, szosowy, lekko toczy si\u0119 po asfalcie. Ma sw\u00f3j charakter, swoj\u0105 werw\u0119. <\/p>\n<p>Niebo, wieczorem, pe\u0142ne by\u0142o p\u0142yn\u0105cych chmurzych rzek. Pod nim, jak pod kloszem, przejecha\u0142em przez bram\u0119 cmentarza, naszego odwiecznego, zdawa\u0142oby si\u0119, s\u0105siada. <\/p>\n<p><img decoding=\"async\" border=\"0\" src=\"wp-content\/uploads\/2019\/03\/krzyzchmury.jpg\" alt=\"\" \/><\/p>\n<p>Jednym oddechem &#8211; przez nast\u0119pn\u0105 bram\u0119, przez osiedle. Na miasto, na rynek. Oddech tu, oddech za nast\u0119pnym rogiem. Rower frunie moim oddechem, ch\u0119tny poddaje si\u0119 wieczornemu szale\u0144stwu. Na Osiedlu Trzydziestolecia dzieci\u0119ce ubrania rozwieszone mi\u0119dzy blokami. Musz\u0119 tu wr\u00f3ci\u0107, sfotografowa\u0107 w zachodz\u0105cym s\u0142o\u0144cu. Dzi\u015b ju\u017c za p\u00f3\u017ano&#8230; <\/p>\n<p><img decoding=\"async\" border=\"0\" src=\"wp-content\/uploads\/2019\/03\/miechowrynek.jpg\" alt=\"\" \/><\/p>\n<p>Wyskakuj\u0119 na asflalt. T\u0105 warszawsk\u0105 tras\u0105 ci\u0105gn\u0105 dalekie podr\u00f3\u017ce &#8211; ludzie zamkni\u0119ci w autach. Ja tu tylko na chwil\u0119, zaraz skr\u0119cam. Oddech przydro\u017cnych \u0142\u0105k, ci\u0119\u017car g\u00f3rki, puls w skroniach. Oddech &#8211; nik\u0142ym ob\u0142okiem z ust. Wiecz\u00f3r. <br \/><\/font><\/p>\n","protected":false},"excerpt":{"rendered":"<p><font size=\"2\">Wieczorna&#8230;<\/p>\n","protected":false},"author":1,"featured_media":0,"comment_status":"open","ping_status":"open","sticky":false,"template":"","format":"standard","meta":{"footnotes":""},"categories":[27],"tags":[],"_links":{"self":[{"href":"http:\/\/niecodziennosc.kubic.info\/index.php?rest_route=\/wp\/v2\/posts\/8547"}],"collection":[{"href":"http:\/\/niecodziennosc.kubic.info\/index.php?rest_route=\/wp\/v2\/posts"}],"about":[{"href":"http:\/\/niecodziennosc.kubic.info\/index.php?rest_route=\/wp\/v2\/types\/post"}],"author":[{"embeddable":true,"href":"http:\/\/niecodziennosc.kubic.info\/index.php?rest_route=\/wp\/v2\/users\/1"}],"replies":[{"embeddable":true,"href":"http:\/\/niecodziennosc.kubic.info\/index.php?rest_route=%2Fwp%2Fv2%2Fcomments&post=8547"}],"version-history":[{"count":0,"href":"http:\/\/niecodziennosc.kubic.info\/index.php?rest_route=\/wp\/v2\/posts\/8547\/revisions"}],"wp:attachment":[{"href":"http:\/\/niecodziennosc.kubic.info\/index.php?rest_route=%2Fwp%2Fv2%2Fmedia&parent=8547"}],"wp:term":[{"taxonomy":"category","embeddable":true,"href":"http:\/\/niecodziennosc.kubic.info\/index.php?rest_route=%2Fwp%2Fv2%2Fcategories&post=8547"},{"taxonomy":"post_tag","embeddable":true,"href":"http:\/\/niecodziennosc.kubic.info\/index.php?rest_route=%2Fwp%2Fv2%2Ftags&post=8547"}],"curies":[{"name":"wp","href":"https:\/\/api.w.org\/{rel}","templated":true}]}}