{"id":8550,"date":"2007-04-26T23:55:24","date_gmt":"2007-04-26T21:55:24","guid":{"rendered":"http:\/\/niecodziennosc.kubic.info\/index.php\/2007\/04\/26\/banalne-pytanie\/"},"modified":"2007-04-26T23:55:24","modified_gmt":"2007-04-26T21:55:24","slug":"banalne-pytanie","status":"publish","type":"post","link":"http:\/\/niecodziennosc.kubic.info\/?p=8550","title":{"rendered":"&#8222;Banalne&#8221;(?) pytanie"},"content":{"rendered":"<p><font size=\"2\">Kiedy\u015b na jednym z for\u00f3w internetowych na kt\u00f3rych czasem pisz\u0119, przyzna\u0142em si\u0119, \u017ce w\u0142a\u015bnie zastanawiam si\u0119 nad sensem \u017cycia. Od razu zacz\u0119to si\u0119 zastanawia\u0107, jakie to problemy sk\u0142oni\u0142y mnie do tych rozwa\u017ca\u0144. Czy nad sensem \u017cycia zastanawiaj\u0105 si\u0119 tylko ludzie w depresji? Czy zastanawianie si\u0119 nad sensem \u017cycia dowodzi, \u017ce si\u0119 go nie posiada, albo si\u0119 go straci\u0142o? <\/p>\n<p>Przyznanie si\u0119 w gronie przyjaci\u00f3\u0142, znajomych, wsp\u00f3\u0142pracownik\u00f3w do owych rozwa\u017ca\u0144 powoduje chyba raczej kiwanie z politowaniem g\u0142owami. Tak, jakby ka\u017cdy normalny cz\u0142owiek nie my\u015bla\u0142 nad sensem \u017cycia, jakby by\u0142o to zadanie banalne, dziecinne, zdradza\u0142o niedojrza\u0142o\u015b\u0107. <\/p>\n<p>Mnie przypomina to banalizowanie pytania, na kt\u00f3re nie bardzo chcemy, mo\u017ce nie umiemy przekonywuj\u0105co odpowiedzie\u0107. Albo chcemy t\u0119 odpowied\u017a zachowa\u0107 tylko dla siebie&#8230;? Czy\u017cby sens by\u0142 tak osobist\u0105, intymn\u0105 warto\u015bci\u0105, o kt\u00f3rej nie rozmawia si\u0119 z ka\u017cdym? Chyba jednak to ostatnie&#8230; Cho\u0107 jeden z moich m\u0105drych przyjaci\u00f3\u0142 powiedzia\u0142, \u017ce nie spodziewa si\u0119 \u017ce wielu ludzi ma silne przekonanie o sensie swojego \u017cycia&#8230;<\/p>\n<p>Mnie brakuje rozm\u00f3w o sensie. Gdy wracam do domu w nocy samochodem i widz\u0119 na szosie te czerwonych i bia\u0142ych \u015bwiate\u0142, to zastanawiam si\u0119 co popycha ludzi w nich siedz\u0105cych do tego, by jechali tymi samochodami. Ale nie chodzi o odpowied\u017a &#8211; jad\u0119 do domu, odwo\u017c\u0119 dzieci, dostarczam meble&#8230;\u00a0 Chodzi o to, co powoduje, \u017ce ludzie podejmuj\u0105 cho\u0107by najprostsze dzia\u0142ania. Czy przyzwyczajenie, czy zaprogramowana konieczno\u015b\u0107 utrzymania si\u0119 przy \u017cyciu, czy \u015bwiadome d\u0105\u017cenie do u\u015bwiadomionego sobie celu. <br \/><\/font><\/p>\n","protected":false},"excerpt":{"rendered":"<p><font size=\"2\">Kiedy\u015b na&#8230;<\/p>\n","protected":false},"author":1,"featured_media":0,"comment_status":"open","ping_status":"open","sticky":false,"template":"","format":"standard","meta":{"footnotes":""},"categories":[18],"tags":[],"_links":{"self":[{"href":"http:\/\/niecodziennosc.kubic.info\/index.php?rest_route=\/wp\/v2\/posts\/8550"}],"collection":[{"href":"http:\/\/niecodziennosc.kubic.info\/index.php?rest_route=\/wp\/v2\/posts"}],"about":[{"href":"http:\/\/niecodziennosc.kubic.info\/index.php?rest_route=\/wp\/v2\/types\/post"}],"author":[{"embeddable":true,"href":"http:\/\/niecodziennosc.kubic.info\/index.php?rest_route=\/wp\/v2\/users\/1"}],"replies":[{"embeddable":true,"href":"http:\/\/niecodziennosc.kubic.info\/index.php?rest_route=%2Fwp%2Fv2%2Fcomments&post=8550"}],"version-history":[{"count":0,"href":"http:\/\/niecodziennosc.kubic.info\/index.php?rest_route=\/wp\/v2\/posts\/8550\/revisions"}],"wp:attachment":[{"href":"http:\/\/niecodziennosc.kubic.info\/index.php?rest_route=%2Fwp%2Fv2%2Fmedia&parent=8550"}],"wp:term":[{"taxonomy":"category","embeddable":true,"href":"http:\/\/niecodziennosc.kubic.info\/index.php?rest_route=%2Fwp%2Fv2%2Fcategories&post=8550"},{"taxonomy":"post_tag","embeddable":true,"href":"http:\/\/niecodziennosc.kubic.info\/index.php?rest_route=%2Fwp%2Fv2%2Ftags&post=8550"}],"curies":[{"name":"wp","href":"https:\/\/api.w.org\/{rel}","templated":true}]}}