{"id":8551,"date":"2007-04-25T21:47:37","date_gmt":"2007-04-25T19:47:37","guid":{"rendered":"http:\/\/niecodziennosc.kubic.info\/index.php\/2007\/04\/25\/spac-lubie\/"},"modified":"2007-04-25T21:47:37","modified_gmt":"2007-04-25T19:47:37","slug":"spac-lubie","status":"publish","type":"post","link":"http:\/\/niecodziennosc.kubic.info\/?p=8551","title":{"rendered":"&#8222;Spa\u0107? Lubi\u0119&#8221;"},"content":{"rendered":"<p><font size=\"2\">Dzi\u015b usypia\u0142em moj\u0105 c\u00f3rk\u0119. &quot;Usypia\u0142em&quot; &#8211; to z\u0142e okre\u015blenie. <\/p>\n<p>Kiedy pomy\u015bl\u0119, jak bardzo zmieni\u0142o si\u0119 zasypianie Sary w ci\u0105gu ostatniego p\u00f3\u0142 roku, to wydaje mi si\u0119 to nieprawdopodobne. Wcze\u015bniej &#8211; wy\u0142\u0105cznie podczas karmienia. Ioana wchodzi\u0142a do \u0142\u00f3\u017ceczka, albo karmi\u0142a pomi\u0119dzy szczebelkami. <\/p>\n<p>Dzisiaj &#8211; moja ma\u0142a dziewczyna chce i\u015b\u0107 spa\u0107. Wystarczy, \u017ce o tym wspomnia\u0142em, w sypialni w\u0142\u0105czy\u0142em nocn\u0105 lampk\u0119. Zdj\u0119\u0142a buty i chcia\u0142a wej\u015b\u0107 do \u0142\u00f3\u017ceczka &#8211; ale powiedzia\u0142em, \u017ce musi si\u0119 jeszcze umy\u0107. Gdy ko\u0144czyli\u015bmy zapyta\u0142a &#8211; &quot;Spa\u0107? Lubi\u0119&quot;. Uk\u0142adaj\u0105c si\u0119 do snu zadr\u017ca\u0142a z rado\u015bci, ba\u0142em <\/font><font size=\"2\">si\u0119, \u017ce si\u0119 pobudzi i trudno b\u0119dzie jej usn\u0105\u0107. &quot;Po\u0142\u00f3\u017c&quot; powiedzia\u0142a do mnie. Nie min\u0119\u0142o p\u00f3\u0142 minuty, jak dobieg\u0142 mnie jej r\u00f3wny oddech. <\/p>\n<p><img decoding=\"async\" border=\"0\" alt=\"\" src=\"wp-content\/uploads\/2019\/03\/sara.jpg\" \/><br \/><\/font><\/p>\n","protected":false},"excerpt":{"rendered":"<p><font size=\"2\">Dzi\u015b &#8230;<\/p>\n","protected":false},"author":1,"featured_media":0,"comment_status":"open","ping_status":"open","sticky":false,"template":"","format":"standard","meta":{"footnotes":""},"categories":[469],"tags":[],"_links":{"self":[{"href":"http:\/\/niecodziennosc.kubic.info\/index.php?rest_route=\/wp\/v2\/posts\/8551"}],"collection":[{"href":"http:\/\/niecodziennosc.kubic.info\/index.php?rest_route=\/wp\/v2\/posts"}],"about":[{"href":"http:\/\/niecodziennosc.kubic.info\/index.php?rest_route=\/wp\/v2\/types\/post"}],"author":[{"embeddable":true,"href":"http:\/\/niecodziennosc.kubic.info\/index.php?rest_route=\/wp\/v2\/users\/1"}],"replies":[{"embeddable":true,"href":"http:\/\/niecodziennosc.kubic.info\/index.php?rest_route=%2Fwp%2Fv2%2Fcomments&post=8551"}],"version-history":[{"count":0,"href":"http:\/\/niecodziennosc.kubic.info\/index.php?rest_route=\/wp\/v2\/posts\/8551\/revisions"}],"wp:attachment":[{"href":"http:\/\/niecodziennosc.kubic.info\/index.php?rest_route=%2Fwp%2Fv2%2Fmedia&parent=8551"}],"wp:term":[{"taxonomy":"category","embeddable":true,"href":"http:\/\/niecodziennosc.kubic.info\/index.php?rest_route=%2Fwp%2Fv2%2Fcategories&post=8551"},{"taxonomy":"post_tag","embeddable":true,"href":"http:\/\/niecodziennosc.kubic.info\/index.php?rest_route=%2Fwp%2Fv2%2Ftags&post=8551"}],"curies":[{"name":"wp","href":"https:\/\/api.w.org\/{rel}","templated":true}]}}