{"id":8553,"date":"2007-04-21T00:53:06","date_gmt":"2007-04-20T22:53:06","guid":{"rendered":"http:\/\/niecodziennosc.kubic.info\/index.php\/2007\/04\/21\/ja-komentuje\/"},"modified":"2007-04-21T00:53:06","modified_gmt":"2007-04-20T22:53:06","slug":"ja-komentuje","status":"publish","type":"post","link":"http:\/\/niecodziennosc.kubic.info\/?p=8553","title":{"rendered":"Ja komentuj\u0119"},"content":{"rendered":"<p><font size=\"2\">Moja wierna komentatorka nie odezwa\u0142a si\u0119 na zamieszczone zdj\u0119cia. Mo\u017ce nie wie, co napisa\u0107&#8230; A mo\u017ce nie mia\u0142a czasu. A m\u00f3wi\u0142em sobie, \u017ce nie b\u0119d\u0119 zwraca\u0142 uwagi na komentarze, a jednak&#8230; <\/p>\n<p><\/font><\/p>\n<div style=\"text-align: left;\"><font size=\"2\">Jestem teraz w\u015bciek\u0142y, z powodu kt\u00f3rego nie znacie. Nie b\u0119d\u0119 o nim pisa\u0142, ale m\u00f3j nastr\u00f3j wp\u0142ynie na m\u00f3j poni\u017cszy komentarz do wczorajszych zdj\u0119\u0107. <\/p>\n<p><\/font><\/p>\n<div style=\"text-align: left;\"><font size=\"2\">Te zdj\u0119cia przedstawiaj\u0105 dla mnie szczeg\u00f3lne pi\u0119kno. Same zdj\u0119cia nie s\u0105 \u015bwietne, ale to, co na nich wida\u0107 &#8211; jest niesamowite. I prosz\u0119 wybaczy\u0107, ale wiele zdj\u0119\u0107 przedstawiaj\u0105cych wypacykowane kobiety i m\u0119\u017cczyzn, zrobione w \u015bwietnym studio za setki tysi\u0119cy z\u0142otych, swoj\u0105 tre\u015bci\u0105 nie dorastaja do tego zwyci\u0119stwa, kt\u00f3re widzia\u0142em kiedy robi\u0142em te zdj\u0119cia. Sukces tych dzieci i ich wychowawc\u00f3w mo\u017cna por\u00f3wna\u0107 do zdobycia wysokiego szczytu g\u00f3rskiego albo do wygranej na olimpiadzie informatycznej. Skala osi\u0105gni\u0119cia w stosunku do mo\u017cliwo\u015bci jest taka sama, a mo\u017ce nawet wi\u0119ksza. <\/p>\n<p>Wszyscy mamy wady, braki. Jedni &#8211; na ciele, inni &#8211; w charakterze. Tych drugich nie wida\u0107 od razu, ale s\u0105 bole\u015bniejsze, szczeg\u00f3lnie dla innych. Cz\u0142owiecze\u0144stwo to walka o dobro wbrew wszystkiemu. Dlatego o wiele bardziej ceni\u0119 pomoc innym ni\u017c realizowanie siebie przez zdobycie Mount Everestu. <\/p>\n<p>Czy dziecko z zespo\u0142em Downa jest mniej szcz\u0119\u015bliwe od zdrowego dziecka? A mo\u017ce tak chc\u0105 mu wm\u00f3wi\u0107 inni zdrowi ludzie? Czy cz\u0142owiek mieszkaj\u0105cy pod mostem jest mniej szcz\u0119\u015bliwy od tego je\u017cd\u017c\u0105cego Mercedesem? <\/p>\n<p>Szcz\u0119\u015bcie jest cz\u0119sto nie tam, gdzie chcemy szuka\u0107 &#8211; czasem przez ca\u0142e \u017cycie. <br \/><\/font><\/div>\n<\/div>\n<p><font size=\"2\"><\/p>\n<p><\/font><\/p>\n","protected":false},"excerpt":{"rendered":"<p><font size=\"2\">Moja &#8230;<\/p>\n","protected":false},"author":1,"featured_media":0,"comment_status":"open","ping_status":"open","sticky":false,"template":"","format":"standard","meta":{"footnotes":""},"categories":[18],"tags":[],"_links":{"self":[{"href":"http:\/\/niecodziennosc.kubic.info\/index.php?rest_route=\/wp\/v2\/posts\/8553"}],"collection":[{"href":"http:\/\/niecodziennosc.kubic.info\/index.php?rest_route=\/wp\/v2\/posts"}],"about":[{"href":"http:\/\/niecodziennosc.kubic.info\/index.php?rest_route=\/wp\/v2\/types\/post"}],"author":[{"embeddable":true,"href":"http:\/\/niecodziennosc.kubic.info\/index.php?rest_route=\/wp\/v2\/users\/1"}],"replies":[{"embeddable":true,"href":"http:\/\/niecodziennosc.kubic.info\/index.php?rest_route=%2Fwp%2Fv2%2Fcomments&post=8553"}],"version-history":[{"count":0,"href":"http:\/\/niecodziennosc.kubic.info\/index.php?rest_route=\/wp\/v2\/posts\/8553\/revisions"}],"wp:attachment":[{"href":"http:\/\/niecodziennosc.kubic.info\/index.php?rest_route=%2Fwp%2Fv2%2Fmedia&parent=8553"}],"wp:term":[{"taxonomy":"category","embeddable":true,"href":"http:\/\/niecodziennosc.kubic.info\/index.php?rest_route=%2Fwp%2Fv2%2Fcategories&post=8553"},{"taxonomy":"post_tag","embeddable":true,"href":"http:\/\/niecodziennosc.kubic.info\/index.php?rest_route=%2Fwp%2Fv2%2Ftags&post=8553"}],"curies":[{"name":"wp","href":"https:\/\/api.w.org\/{rel}","templated":true}]}}