{"id":8563,"date":"2007-04-09T23:56:41","date_gmt":"2007-04-09T21:56:41","guid":{"rendered":"http:\/\/niecodziennosc.kubic.info\/index.php\/2007\/04\/09\/kolysanka\/"},"modified":"2007-04-09T23:56:41","modified_gmt":"2007-04-09T21:56:41","slug":"kolysanka","status":"publish","type":"post","link":"http:\/\/niecodziennosc.kubic.info\/?p=8563","title":{"rendered":"Ko\u0142ysanka"},"content":{"rendered":"<p><font size=\"2\">Jak wiele si\u0119 zmieni\u0142o w zasypianiu mojej c\u00f3rki. Kiedy\u015b wy\u0142\u0105cznie przy piersi. Dzisiaj &#8211; sama wchodzi do \u0142\u00f3\u017ceczka. My\u015bl\u0119, \u017ce ogromnie przyczyni\u0142a si\u0119 do tego zmiana postawy Ioany. Ioana usypiaj\u0105c Sar\u0119 dawa\u0142a jej nieme znaki, \u017ce tak naprawd\u0119&#8230; nie chcia\u0142a jej u\u015bpi\u0107. Dziecko protestowa\u0142o, a matka swoim post\u0119powaniem dawa\u0142a jej nadziej\u0119 na spe\u0142nienie tych protest\u00f3w. Jakkolwiek bezlito\u015bnie by to nie brzmia\u0142o, to zmiana post\u0119powania dzieciaka by\u0142a mo\u017cliwa wtedy, kiedy pozbawili\u015bmy go wszelkiej nadziei na spe\u0142nienie jego \u017cycze\u0144. <\/p>\n<p>Gdy usypiam Sar\u0119 to bardzo lubi\u0119 wprowadza\u0107 ten spokojny, senny nastr\u00f3j &#8211; ju\u017c w \u0142azience. P\u00f3\u017aniej, przy przebieraniu, m\u00f3wi\u0119 coraz mniej, zwalniam ruchy. Sara zdejmuje spodnie, bluzk\u0119. Podsuwam jej jednocz\u0119\u015bciow\u0105 pid\u017cam\u0119. Wk\u0142ada najpierw r\u0119ce, naci\u0105ga r\u0119kawy, p\u00f3\u017aniej dwoma r\u0119kami nak\u0142ada pi\u017cam\u0119 na g\u0142ow\u0119. Chwil\u0119 si\u0142uje si\u0119, je\u015bli nie chce przej\u015b\u0107, czasem ze z\u0142o\u015bci\u0105. <\/p>\n<p>P\u00f3\u017aniej ze spokojem idziemy do \u0142\u00f3\u017ceczka. Lalka ju\u017c czeka. Przez puste miejsce w dw\u00f3ch szczebelkach Sara wchodzi na materac, przytula si\u0119 do poduszki, obejmuj\u0105c lalk\u0119. \u015apiewam jej, dzi\u015b nie opowiadam bajki. Za \u015bcian\u0105 zaczyna szumie\u0107 woda &#8211; to nasza kuzynka Gosia &#8211; w \u0142azience. S\u0142uchamy razem tego szumu, a ja przypominam sobie zimowe ferie na zgrupowaniu ch\u00f3ru w Zawadce. Tam w g\u00f3rach, gdzie ko\u0144czy\u0142a si\u0119 asfaltowa droga, w skrz\u0105cym \u015bnieg mrozie sta\u0142a malutka szko\u0142a, w\u015br\u00f3d wsi &#8211; zastyg\u0142ej w zimie i w ciemno\u015bci zimowej nocy. Tam \u015bpiewali\u015bmy t\u0119 pie\u015b\u0144-ko\u0142ysank\u0119&#8230; na pod\u0142odze ne materacach, obok kaflowych piec\u00f3w. Chwile nieziemskiego spokoju&#8230;<br \/><\/font><\/p>\n","protected":false},"excerpt":{"rendered":"<p><font size=\"2\">Jak wiele&#8230;<\/p>\n","protected":false},"author":1,"featured_media":0,"comment_status":"open","ping_status":"open","sticky":false,"template":"","format":"standard","meta":{"footnotes":""},"categories":[469],"tags":[],"_links":{"self":[{"href":"http:\/\/niecodziennosc.kubic.info\/index.php?rest_route=\/wp\/v2\/posts\/8563"}],"collection":[{"href":"http:\/\/niecodziennosc.kubic.info\/index.php?rest_route=\/wp\/v2\/posts"}],"about":[{"href":"http:\/\/niecodziennosc.kubic.info\/index.php?rest_route=\/wp\/v2\/types\/post"}],"author":[{"embeddable":true,"href":"http:\/\/niecodziennosc.kubic.info\/index.php?rest_route=\/wp\/v2\/users\/1"}],"replies":[{"embeddable":true,"href":"http:\/\/niecodziennosc.kubic.info\/index.php?rest_route=%2Fwp%2Fv2%2Fcomments&post=8563"}],"version-history":[{"count":0,"href":"http:\/\/niecodziennosc.kubic.info\/index.php?rest_route=\/wp\/v2\/posts\/8563\/revisions"}],"wp:attachment":[{"href":"http:\/\/niecodziennosc.kubic.info\/index.php?rest_route=%2Fwp%2Fv2%2Fmedia&parent=8563"}],"wp:term":[{"taxonomy":"category","embeddable":true,"href":"http:\/\/niecodziennosc.kubic.info\/index.php?rest_route=%2Fwp%2Fv2%2Fcategories&post=8563"},{"taxonomy":"post_tag","embeddable":true,"href":"http:\/\/niecodziennosc.kubic.info\/index.php?rest_route=%2Fwp%2Fv2%2Ftags&post=8563"}],"curies":[{"name":"wp","href":"https:\/\/api.w.org\/{rel}","templated":true}]}}