{"id":8568,"date":"2007-03-08T22:43:03","date_gmt":"2007-03-08T21:43:03","guid":{"rendered":"http:\/\/niecodziennosc.kubic.info\/index.php\/2007\/03\/08\/wielki-dzien\/"},"modified":"2007-03-08T22:43:03","modified_gmt":"2007-03-08T21:43:03","slug":"wielki-dzien","status":"publish","type":"post","link":"http:\/\/niecodziennosc.kubic.info\/?p=8568","title":{"rendered":"Wielki dzie\u0144"},"content":{"rendered":"<p><font size=\"2\">Kasiask&#8230; Kiedy zak\u0142ada\u0142em tego bloga postanowi\u0142em sobie, \u017ce nie b\u0119d\u0119 si\u0119 anga\u017cowa\u0142 w korespondencj\u0119 z innymi blogowiczami. Ale jednak o Kasisk my\u015bl\u0119. Dzieciaki by\u0142y poprzezi\u0119biane. Czy teraz ju\u017c lepiej&#8230;? M\u00f3j dzieciak jest zdrowy, wczoraj byli\u015bmy u pani doktor. Sara pozwoli\u0142a sobie zagl\u0105dn\u0105\u0107 do gard\u0142a, nawet otworzy\u0142a usta. By\u0142o to dla niej trudne, ba\u0142a si\u0119, widzia\u0142em &#8211; by\u0142a ca\u0142a czerwona, milcz\u0105ca i sztywna. Ale nie ucieka\u0142a. Rety, jak to wyra\u017anie wida\u0107 &#8211; jak dziecko walczy ze strachem. \u017be wie, \u017ce tak jak chc\u0105 rodzice, tak trzeba. Ale z drugiej strony &#8211; z trudno\u015bci\u0105 opanowuje strach. <\/p>\n<p>Zn\u00f3w tak bardzo chcia\u0142bym co\u015b napisa\u0107, co\u015b fajnego. Ostatnie dwa dni to raczej pasmo dobrych zdarze\u0144, zwyci\u0119stw, napi\u0119\u0107 i odpr\u0119\u017cenia, rozwiazania kolejnych problem\u00f3w. Wielkie dni. Podoba\u0142y si\u0119 moje zdj\u0119cia &#8211; ciesz\u0119 si\u0119 z tego, \u017ce pokaza\u0142y co\u015b wi\u0119cej, ni\u017c znan\u0105 rzeczywisto\u015b\u0107. Bo\u017ce, dzi\u0119kuj\u0119 za chwile opanowania, za spok\u00f3j, kiedy by\u0142 najbardziej potrzebny. <\/p>\n<p>Ale spa\u0142em tylko pi\u0119\u0107 godzin, dla cukrzyka i chorowitka od urodzenia to za ma\u0142o. Wiem, \u017ce je\u015bli nie odpoczn\u0119, przyjd\u0105 powa\u017cniejsze problemy&#8230;<\/p>\n<p>Ekscytacja&#8230; w pracy robi\u0119 kilka rzeczy naraz (nie wiem, w imi\u0119 czego&#8230;), komputery i ludzie nie nad\u0105\u017caj\u0105, nawet moje w\u0142asne s\u0142owa nie nad\u0105\u017caj\u0105 za eufori\u0105 i sprintem my\u015bli. To niedobry sygna\u0142, wiem o tym. Trzeba po prostu i\u015b\u0107 spa\u0107, na si\u0142\u0119. <\/p>\n<p>Miejcie si\u0119 dobrze. Odnajd\u017acie cho\u0107 jedn\u0105 dobr\u0105 rzecz, kt\u00f3ra Was dzi\u015b spotka\u0142a. Za\u015bnijcie spokojnie, jutro te\u017c czeka Was dzie\u0144. <\/p>\n<p><img decoding=\"async\" border=\"0\" src=\"wp-content\/uploads\/2019\/03\/wielkidzien2.jpg\" alt=\"\" \/><br \/><font size=\"1\">Pr\u00f3ba generalna sztuki Wielki Dzie\u0144 w re\u017c. Andrzeja Majczaka<\/font><br \/><\/font><\/p>\n","protected":false},"excerpt":{"rendered":"<p><font ...\n<\/p>\n","protected":false},"author":1,"featured_media":0,"comment_status":"open","ping_status":"open","sticky":false,"template":"","format":"standard","meta":{"footnotes":""},"categories":[50],"tags":[],"_links":{"self":[{"href":"http:\/\/niecodziennosc.kubic.info\/index.php?rest_route=\/wp\/v2\/posts\/8568"}],"collection":[{"href":"http:\/\/niecodziennosc.kubic.info\/index.php?rest_route=\/wp\/v2\/posts"}],"about":[{"href":"http:\/\/niecodziennosc.kubic.info\/index.php?rest_route=\/wp\/v2\/types\/post"}],"author":[{"embeddable":true,"href":"http:\/\/niecodziennosc.kubic.info\/index.php?rest_route=\/wp\/v2\/users\/1"}],"replies":[{"embeddable":true,"href":"http:\/\/niecodziennosc.kubic.info\/index.php?rest_route=%2Fwp%2Fv2%2Fcomments&post=8568"}],"version-history":[{"count":0,"href":"http:\/\/niecodziennosc.kubic.info\/index.php?rest_route=\/wp\/v2\/posts\/8568\/revisions"}],"wp:attachment":[{"href":"http:\/\/niecodziennosc.kubic.info\/index.php?rest_route=%2Fwp%2Fv2%2Fmedia&parent=8568"}],"wp:term":[{"taxonomy":"category","embeddable":true,"href":"http:\/\/niecodziennosc.kubic.info\/index.php?rest_route=%2Fwp%2Fv2%2Fcategories&post=8568"},{"taxonomy":"post_tag","embeddable":true,"href":"http:\/\/niecodziennosc.kubic.info\/index.php?rest_route=%2Fwp%2Fv2%2Ftags&post=8568"}],"curies":[{"name":"wp","href":"https:\/\/api.w.org\/{rel}","templated":true}]}}