{"id":8574,"date":"2007-01-30T23:09:22","date_gmt":"2007-01-30T22:09:22","guid":{"rendered":"http:\/\/niecodziennosc.kubic.info\/index.php\/2007\/01\/30\/zawdzieczam\/"},"modified":"2007-01-30T23:09:22","modified_gmt":"2007-01-30T22:09:22","slug":"zawdzieczam","status":"publish","type":"post","link":"http:\/\/niecodziennosc.kubic.info\/?p=8574","title":{"rendered":"Zawdzi\u0119czam&#8230;"},"content":{"rendered":"<p><font size=\"2\">Od czasu do czasu u\u015bwiadamiam sobie, jak wiele nauczy\u0142em si\u0119 od ludzi, kt\u00f3rych spotka\u0142em na d\u0142u\u017cej, z kt\u00f3rymi pracowa\u0142em. W\u0142a\u015bnie przed chwil\u0105 my\u015bla\u0142em o tym, myj\u0105c naczynia po wizycie go\u015bci. To szczeg\u00f3lni go\u015bcie, w s\u0105siedztwie ich domu zobaczy\u0142em po raz pierwszy Ioan\u0119. By\u0142o to chyba z tysi\u0105c kilometr\u00f3w st\u0105d, za dwoma granicami, na po\u0142udniowy wsch\u00f3d. <\/p>\n<p>Czego si\u0119 nauczy\u0142em &#8211; widz\u0119 patrz\u0105c na mojego tat\u0119. Jeste\u015bmy tak podobni do siebie pod wzgl\u0119dem osobowo\u015bci, ale r\u00f3\u017cnimy si\u0119 oczywi\u015bcie. Wczoraj sp\u0119dzili\u015bmy ca\u0142\u0105 dob\u0119 razem, wyrywaj\u0105c si\u0119 w niedziel\u0119 po po\u0142udniu na g\u00f3r\u0119 \u017bar; na o\u015bwietlonym stoku narciarskim, a nast\u0119pnego dnia &#8211; na os\u0142awionej &quot;golgocie&quot; w Szczyrku. To ciekawe, \u017ce nastolatek odrywa si\u0119 od swoich rodzic\u00f3w, aby p\u00f3\u017aniej powr\u00f3ci\u0107 i popatrze\u0107 na nich z nowej perspektywy. <\/p>\n<p>Na Mo\u0142dawi\u0119 trafi\u0142em z moim przyjacielem, kt\u00f3rego osobowo\u015b\u0107 wp\u0142yn\u0119\u0142a na mnie. Dzisiaj dostrzegam u siebie jego spos\u00f3b my\u015blenia, rozwi\u0105zywania problem\u00f3w. Wzi\u0105\u0142em od niego troch\u0119 beztroski i lekkiego podej\u015bcia do sytuacji kryzysowych, tego &quot;powstrzymania si\u0119&quot; na chwil\u0119, gdy nie do ko\u0144ca wiadomo, co zrobi\u0107. <\/p>\n<p><\/font><\/p>\n<div style=\"text-align: left;\"><font size=\"2\">Przypominam sobie jeszcze kilku ludzi, od kt\u00f3rych, jak podgl\u0105dacz, wprost z\u0142odziej, przej\u0105\u0142em niez\u0142e pomys\u0142y na \u017cycie. Zabawne, \u017ce niekt\u00f3rzy z nich nigdy by tego nie przypuszczali, wy\u015bmialiby mnie wprost gdyby si\u0119 dowiedzieli, \u017ce bra\u0142em z nich wz\u00f3r. <\/p>\n<p>Ludzie s\u0105 wspania\u0142\u0105 inspiracj\u0105. Nieodgadnieni do ko\u0144ca, ci\u0105gle si\u0119 zmieniaj\u0105cy, nieznani nawet samym sobie. Kiedy ja poznaj\u0119 ich, oni te\u017c poznaj\u0105 samych siebie. Czasem wydaje si\u0119, \u017ce mo\u017ce to trwa\u0107 bez ko\u0144ca. <br \/><\/font><\/div>\n","protected":false},"excerpt":{"rendered":"<p><font size=\"2\">Od czasu &#8230;<\/p>\n","protected":false},"author":1,"featured_media":0,"comment_status":"open","ping_status":"open","sticky":false,"template":"","format":"standard","meta":{"footnotes":""},"categories":[27],"tags":[],"_links":{"self":[{"href":"http:\/\/niecodziennosc.kubic.info\/index.php?rest_route=\/wp\/v2\/posts\/8574"}],"collection":[{"href":"http:\/\/niecodziennosc.kubic.info\/index.php?rest_route=\/wp\/v2\/posts"}],"about":[{"href":"http:\/\/niecodziennosc.kubic.info\/index.php?rest_route=\/wp\/v2\/types\/post"}],"author":[{"embeddable":true,"href":"http:\/\/niecodziennosc.kubic.info\/index.php?rest_route=\/wp\/v2\/users\/1"}],"replies":[{"embeddable":true,"href":"http:\/\/niecodziennosc.kubic.info\/index.php?rest_route=%2Fwp%2Fv2%2Fcomments&post=8574"}],"version-history":[{"count":0,"href":"http:\/\/niecodziennosc.kubic.info\/index.php?rest_route=\/wp\/v2\/posts\/8574\/revisions"}],"wp:attachment":[{"href":"http:\/\/niecodziennosc.kubic.info\/index.php?rest_route=%2Fwp%2Fv2%2Fmedia&parent=8574"}],"wp:term":[{"taxonomy":"category","embeddable":true,"href":"http:\/\/niecodziennosc.kubic.info\/index.php?rest_route=%2Fwp%2Fv2%2Fcategories&post=8574"},{"taxonomy":"post_tag","embeddable":true,"href":"http:\/\/niecodziennosc.kubic.info\/index.php?rest_route=%2Fwp%2Fv2%2Ftags&post=8574"}],"curies":[{"name":"wp","href":"https:\/\/api.w.org\/{rel}","templated":true}]}}