{"id":8575,"date":"2007-01-28T00:03:26","date_gmt":"2007-01-27T23:03:26","guid":{"rendered":"http:\/\/niecodziennosc.kubic.info\/index.php\/2007\/01\/28\/zachwyt-dzieckiem\/"},"modified":"2007-01-28T00:03:26","modified_gmt":"2007-01-27T23:03:26","slug":"zachwyt-dzieckiem","status":"publish","type":"post","link":"http:\/\/niecodziennosc.kubic.info\/?p=8575","title":{"rendered":"Zachwyt dzieckiem"},"content":{"rendered":"<p><font size=\"2\">Zastanawia\u0142em si\u0119 przez jaki\u015b czas co jest takiego eskcytuj\u0105cego w dziecku, czym zachwycaj\u0105 si\u0119 rodzice i dziadkowie, a co jednocze\u015bnie wcale nie porusza postronnych os\u00f3b. Pami\u0119tam, kiedy jeszcze nie by\u0142em rodzicem, zachwyt nad dzie\u0107mi wydawa\u0142 mi si\u0119 jak\u0105\u015b dziecinad\u0105 w\u0142a\u015bnie. Ot, dziecko kiwa palcem, albo powiedzia\u0142o s\u0142owo, a ju\u017c peany na jego cze\u015b\u0107.\u00a0 <\/p>\n<p>I nawet czasem mam ochot\u0119 pisa\u0107 tutaj o zachowaniach mojej c\u00f3rki, ale zawczasu si\u0119 z tego wycofuj\u0119. Bo wiem, \u017ce bezdzietni raczej pomy\u015bl\u0105, \u017ce jestem kolejnym tatusiem kt\u00f3ry zwariowa\u0142 na punkcie swojego dziecka. A ci, kt\u00f3rzy maj\u0105 dzieci, zaczn\u0105 te &quot;rewelacje&quot; por\u00f3wnywa\u0107 z osi\u0105gni\u0119ciami swoich pociech, kt\u00f3re oka\u017c\u0105 si\u0119 (bo musz\u0105) o niebo wy\u017csze. <\/p>\n<p>Zachwyt nad w\u0142asnym dzieckiem wynika z prostego powodu &#8211; to w\u0142a\u015bnie ja, chc\u0105c niechc\u0105c, obserwuj\u0119 nieodwo\u0142alnie jego kroki naprz\u00f3d. Poniewa\u017c jest to moje pierwsze dziecko, wi\u0119c moim udzia\u0142em jest co\u015b, czego jeszcze nigdy nie widzia\u0142em. To prawda, \u017ce mam brata m\u0142odszego o siedem lat, ale niewiele pami\u0119tam z tamtego czasu. Ci\u0105gle widz\u0119 co\u015b po raz pierwszy, co wczoraj jeszcze by\u0142o niemo\u017cliwe, a dzi\u015b staje si\u0119 faktem. <\/p>\n<p>Dzisiaj po raz pierwszy us\u0142ysza\u0142em, jak Sara sklei\u0142a ze sob\u0105 dwa, trzy s\u0142owa. Nie mog\u0142em tego nie zauwa\u017cy\u0107. Zamar\u0142em na chwil\u0119 &#8211; to kolejny milowy krok naprz\u00f3d. Takich krok\u00f3w by\u0142o ju\u017c mn\u00f3stwo, takich krok\u00f3w czeka j\u0105 jeszcze niezliczona ilo\u015b\u0107. A ja widz\u0119 prawie ka\u017cdy z nich, nast\u0119puj\u0105cych konsekwentnie po sobie, jak zaprogramowanych, zmieniaj\u0105cych ca\u0142e epoki w jej \u017cyciu. <\/p>\n<p>Dla kogo\u015b z zewn\u0105trz to wydaje si\u0119 normalne. Przecie\u017c ka\u017cdy z nas umie je\u015b\u0107 \u0142y\u017ck\u0105, ubra\u0107 si\u0119, przej\u015b\u0107 przez ulic\u0119. Nie pami\u0119tamy ju\u017c, \u017ce ka\u017cdego najdrobniejszego ruchu palca podczas sznurowania but\u00f3w musieli\u015bmy si\u0119 kiedy\u015b nauczy\u0107. I ka\u017cda z tych lekcji zbli\u017cy\u0142a nas troch\u0119 do samodzielno\u015bci, niezale\u017cno\u015bci, by\u0142a wielkim ma\u0142ym zwyci\u0119stwem.<\/p>\n<p>Jak\u017ce d\u0142uga to droga. Niezale\u017cno\u015b\u0107 nie tylko po to, by przetrwa\u0107, je\u015b\u0107, mieszka\u0107, ale te\u017c by odnale\u017a\u0107 to, co najsensowniejsze, uwolni\u0107 si\u0119 emocjonalnie, psychicznie od rodzic\u00f3w, i od wrog\u00f3w, polityk\u00f3w, filozof\u00f3w, i szarlatan\u00f3w ludzkiej duszy, nawet troch\u0119 od siebie samego. A potem, by zn\u00f3w zwi\u0105za\u0107 si\u0119 emocjonalnie i psychicznie, i da\u0107 komu\u015b innemu, zn\u00f3w, nadziej\u0119, \u017cycie, si\u0142\u0119, bezpiecze\u0144stwo. Rozr\u00f3\u017cnia\u0107 coraz drobniejsze zawi\u0142o\u015bci \u017cycia, i przenie\u015b\u0107 mi\u0119dzy nimi i mimo nich ten odnaleziony sens. Stoj\u0105c na w\u0142asnych, pewnych nogach, na tym, co niewzruszone. <br \/><\/font><\/p>\n","protected":false},"excerpt":{"rendered":"<p><font ...\n<\/p>\n","protected":false},"author":1,"featured_media":0,"comment_status":"open","ping_status":"open","sticky":false,"template":"","format":"standard","meta":{"footnotes":""},"categories":[469],"tags":[],"_links":{"self":[{"href":"http:\/\/niecodziennosc.kubic.info\/index.php?rest_route=\/wp\/v2\/posts\/8575"}],"collection":[{"href":"http:\/\/niecodziennosc.kubic.info\/index.php?rest_route=\/wp\/v2\/posts"}],"about":[{"href":"http:\/\/niecodziennosc.kubic.info\/index.php?rest_route=\/wp\/v2\/types\/post"}],"author":[{"embeddable":true,"href":"http:\/\/niecodziennosc.kubic.info\/index.php?rest_route=\/wp\/v2\/users\/1"}],"replies":[{"embeddable":true,"href":"http:\/\/niecodziennosc.kubic.info\/index.php?rest_route=%2Fwp%2Fv2%2Fcomments&post=8575"}],"version-history":[{"count":0,"href":"http:\/\/niecodziennosc.kubic.info\/index.php?rest_route=\/wp\/v2\/posts\/8575\/revisions"}],"wp:attachment":[{"href":"http:\/\/niecodziennosc.kubic.info\/index.php?rest_route=%2Fwp%2Fv2%2Fmedia&parent=8575"}],"wp:term":[{"taxonomy":"category","embeddable":true,"href":"http:\/\/niecodziennosc.kubic.info\/index.php?rest_route=%2Fwp%2Fv2%2Fcategories&post=8575"},{"taxonomy":"post_tag","embeddable":true,"href":"http:\/\/niecodziennosc.kubic.info\/index.php?rest_route=%2Fwp%2Fv2%2Ftags&post=8575"}],"curies":[{"name":"wp","href":"https:\/\/api.w.org\/{rel}","templated":true}]}}