{"id":8583,"date":"2006-11-24T09:37:06","date_gmt":"2006-11-24T08:37:06","guid":{"rendered":"http:\/\/niecodziennosc.kubic.info\/index.php\/2006\/11\/24\/ruda-slaska-ikona-nieszczescia\/"},"modified":"2006-11-24T09:37:06","modified_gmt":"2006-11-24T08:37:06","slug":"ruda-slaska-ikona-nieszczescia","status":"publish","type":"post","link":"http:\/\/niecodziennosc.kubic.info\/?p=8583","title":{"rendered":"Ruda \u015al\u0105ska &#8211; ikona nieszcz\u0119\u015bcia"},"content":{"rendered":"<p><font size=\"2\">Ostatnio nie ogl\u0105dam du\u017co telewizji, nie czytam gazet. Z radia \u015bledzi\u0142em pobie\u017cnie losy akcji ratowniczej w kopalni Halemba. Wczoraj b\u0119d\u0105c na krakowskim Rynku zobaczy\u0142em ustawiony namiot. W nim &#8211; transmisja TVN24 z przem\u00f3wienia Kaczy\u0144skiego (nawet nie wiem, kt\u00f3rego z nich). Wstrz\u0105\u015bni\u0119ta i smutna twarz, s\u0142owa, kt\u00f3re ze znawstwem opisywa\u0142y &quot;niebezpieczno\u015b\u0107 metanu&quot;. Religa, obiecuj\u0105cy stypendia dzieciom ofiar, i &quot;wszelk\u0105 mo\u017cliw\u0105 pomoc&quot;. <\/font><font size=\"2\">Zn\u00f3w \u017ca\u0142oba narodowa, i czarne wersje internetowych portali. <\/font><font size=\"2\"><\/p>\n<p>Z boku namiotu &#8211; rz\u0105d notebook\u00f3w (od znanej firmy), do kt\u00f3rych zaprasza\u0142a mnie mi\u0142a pani, by wpisa\u0107 kondolencj\u0119. Na ekranie &#8211; zn\u00f3w spikerka, numer konta, potem spot &#8211; obejmuj\u0105cy si\u0119 smutni ludzie, w tle muzyka, kt\u00f3r\u0105 chyba nawet pami\u0119tam z program\u00f3w nadawanych 1 listopada&#8230;<\/p>\n<p>Patrzy\u0142em na to z dystansem, mo\u017ce dlatego, \u017ce przed chwil\u0105 ogl\u0105da\u0142em zdj\u0119cia z World Press Photo 2006, pokazuj\u0105ce, jak wiele nieszcz\u0119\u015b\u0107 jest na tym \u015bwiecie. Patrzy\u0142em maj\u0105c wra\u017cenie, \u017ce media epatuj\u0105 siebie i nas nieszcz\u0119\u015bciem, \u017ce zn\u00f3w maj\u0105 temat, kt\u00f3rego mog\u0105 uczepi\u0107 si\u0119 na kilka dni. I nie tylko daj\u0105 nam okazj\u0119, ale wr\u0119cz zmuszaj\u0105 do prze\u017cycia katharsis. <\/font><\/p>\n<p><font size=\"2\">I to dobrze, \u017ce wsp\u00f3\u0142czujemy i pami\u0119tamy o nieszcz\u0119\u015bciu innych. Nie mog\u0119 tylko powstrzyma\u0107 si\u0119 od my\u015blenia o innych, kt\u00f3rzy zgineli zdala od fleszy i kamer. Nie wspomnie o nich premier, cho\u0107 np. po ka\u017cdym d\u0142u\u017cszym weekendzie powinna by\u0107 og\u0142oszona \u017ca\u0142oba narodowa. Przecie\u017c prawie wszyscy, kt\u00f3rzy gin\u0105 wtedy na drogach, te\u017c s\u0105 niewinni. I je\u015bli sami nie zadbali o ubezpieczenie swoich bliskich, nikt im nie pomo\u017ce. <\/font><\/p>\n","protected":false},"excerpt":{"rendered":"<p><font size=\"2\">Ostatnio &#8230;<\/p>\n","protected":false},"author":1,"featured_media":0,"comment_status":"open","ping_status":"open","sticky":false,"template":"","format":"standard","meta":{"footnotes":""},"categories":[50],"tags":[],"_links":{"self":[{"href":"http:\/\/niecodziennosc.kubic.info\/index.php?rest_route=\/wp\/v2\/posts\/8583"}],"collection":[{"href":"http:\/\/niecodziennosc.kubic.info\/index.php?rest_route=\/wp\/v2\/posts"}],"about":[{"href":"http:\/\/niecodziennosc.kubic.info\/index.php?rest_route=\/wp\/v2\/types\/post"}],"author":[{"embeddable":true,"href":"http:\/\/niecodziennosc.kubic.info\/index.php?rest_route=\/wp\/v2\/users\/1"}],"replies":[{"embeddable":true,"href":"http:\/\/niecodziennosc.kubic.info\/index.php?rest_route=%2Fwp%2Fv2%2Fcomments&post=8583"}],"version-history":[{"count":0,"href":"http:\/\/niecodziennosc.kubic.info\/index.php?rest_route=\/wp\/v2\/posts\/8583\/revisions"}],"wp:attachment":[{"href":"http:\/\/niecodziennosc.kubic.info\/index.php?rest_route=%2Fwp%2Fv2%2Fmedia&parent=8583"}],"wp:term":[{"taxonomy":"category","embeddable":true,"href":"http:\/\/niecodziennosc.kubic.info\/index.php?rest_route=%2Fwp%2Fv2%2Fcategories&post=8583"},{"taxonomy":"post_tag","embeddable":true,"href":"http:\/\/niecodziennosc.kubic.info\/index.php?rest_route=%2Fwp%2Fv2%2Ftags&post=8583"}],"curies":[{"name":"wp","href":"https:\/\/api.w.org\/{rel}","templated":true}]}}