{"id":8584,"date":"2006-11-01T21:47:25","date_gmt":"2006-11-01T20:47:25","guid":{"rendered":"http:\/\/niecodziennosc.kubic.info\/index.php\/2006\/11\/01\/w-cmentarnej-skromnosci\/"},"modified":"2006-11-01T21:47:25","modified_gmt":"2006-11-01T20:47:25","slug":"w-cmentarnej-skromnosci","status":"publish","type":"post","link":"http:\/\/niecodziennosc.kubic.info\/?p=8584","title":{"rendered":"W cmentarnej skromno\u015bci"},"content":{"rendered":"<p><font size=\"2\">Mieszkam tu\u017c obok cmentarza. By\u0142em tam dzisiaj&#8230; Popatrze\u0107 na ludzi, zaczerpn\u0105\u0107 atmosfery&#8230; Przyjemno\u015b\u0107 mi to sprawia &#8211; ch\u0142oni\u0119cie atmosfery miejsca, wydarzenia&#8230; To odkrywanie &#8211; zn\u00f3w. Odkrywanie to nap\u0119d, si\u0142a \u017cycia. Ot zwyk\u0142y cmentarz ,zwykle opustosza\u0142y, dzi\u015b pe\u0142en ruchu, go\u015bci, zupe\u0142nie inny&#8230;<\/p>\n<p>Ale by\u0142em te\u017c na innym cmentarzu, w pobliskiej wsi, niedaleko kolebki moich przodk\u00f3w. <\/font><font size=\"2\">Stoi na zboczu pag\u00f3rka, niewielki, bez alejek, wok\u00f3\u0142 pola i zabudowania.<\/font><font size=\"2\"> Pradziadkowie, kt\u00f3rych nie zna\u0142em, w jednym z rog\u00f3w cmentarza&#8230;\u00a0 Mo\u017ce dlatego, \u017ce nie byli katolikami&#8230;? Ich mogi\u0142y malutkie, zwyk\u0142y, niski, pomalowany olejno beton, z pozostawion\u0105 ziemi\u0105 w \u015brodku. Bez por\u00f3wnania do marmurowych &quot;hawir&quot; w s\u0105siedztwie, po drugiej stronie trawiastego przej\u015bcia. Patrz\u0105c na te ma\u0142e groby &#8211; bli\u017cszej i dalszej rodziny, mo\u017ce ich s\u0105siad\u00f3w, nie mog\u0119 odp\u0119dzi\u0107 my\u015bli o ich \u017cyciu. Tak r\u00f3\u017cnym od wsp\u00f3\u0142czesnego. O, komu\u015b z nich zmar\u0142o dziecko&#8230; Co oni prze\u017cywali, jakie rado\u015bci, czego oczekiwali. Co my\u015bleli o sensie swojego \u017cycia. Po prostu &#8211; po co \u017cyli&#8230; Zna\u0142em dziadka, \u015bwietnie manewrowa\u0142 furmank\u0105 wraz z koniem, na naszym niedu\u017cym podw\u00f3rku. To sztuka, z kt\u00f3r\u0105 dali sobie spok\u00f3j m\u00f3j tata i wujek, wyprz\u0119gaj\u0105c konia i nawracaj\u0105c w\u00f3z &quot;r\u0119cznie&quot;. <\/p>\n<p>Nieodparte wra\u017cenie, \u017ce ich nie tak znowu dawne \u017cycie by\u0142o zupe\u0142nie inne od mojego. Wydawa\u0142oby si\u0119, \u017ce smutniejsze (gorsze&#8230;!?), bo bez tego wszystkiego, czym otaczam si\u0119 dzisiaj. Ale z pomocn\u0105 d\u0142oni\u0105 rodziny, przyjaci\u00f3\u0142, s\u0105siad\u00f3w. Z prostsz\u0105 rzeczywisto\u015bci\u0105 (czy rzeczywi\u015bcie?). Wiejski dom, nast\u0119pca chaty, z obor\u0105, stajni\u0105, stodo\u0142\u0105. Kawa\u0142em pola do obrobienia. M\u00f3j ojciec lubi dzi\u015b przesiadywa\u0107 przed telewizorem, mnie ci\u0105gnie do szumu li\u015bci, tchnienia wiatru na twarzy. Ale on mia\u0142 w\u0142a\u015bnie to przez ca\u0142e dzieci\u0144stwo. Boso w kamienistych g\u00f3rach, dreptaj\u0105c przy krowach, przy lampie naftowej skroba\u0142 zadania domowe, do szko\u0142y &#8211; szmat drogi. \u015awit i zmierzch w rosie, zimno i pustka w \u017co\u0142\u0105dku. Dokona\u0142 w \u017cyciu wielkiej zmiany&#8230; <\/p>\n<p><\/font><\/p>\n<div style=\"text-align: left;\"><font size=\"2\">Moi dziadkowie byli szcz\u0119\u015bliwi. Gdyby tak nie by\u0142o, nie przekazaliby mi tego wszystkiego, co otrzyma\u0142em. To niewa\u017cne, \u017ce nie maj\u0105 teraz marmurowych mogi\u0142. W tej cmentarnej ich skromno\u015bci jest skryta niesamowita si\u0142a &#8211; ludzi, kt\u00f3rzy kiedy\u015b stworzyli co\u015b wielkiego. <\/font><\/div>\n<p><font size=\"2\"><br \/><\/font><img decoding=\"async\" border=\"0\" alt=\"\" src=\"wp-content\/uploads\/2019\/03\/IMG_7100m2.jpg\" \/><\/p>\n","protected":false},"excerpt":{"rendered":"<p><font size=\"2\">Mieszkam &#8230;<\/p>\n","protected":false},"author":1,"featured_media":0,"comment_status":"open","ping_status":"open","sticky":false,"template":"","format":"standard","meta":{"footnotes":""},"categories":[50],"tags":[],"_links":{"self":[{"href":"http:\/\/niecodziennosc.kubic.info\/index.php?rest_route=\/wp\/v2\/posts\/8584"}],"collection":[{"href":"http:\/\/niecodziennosc.kubic.info\/index.php?rest_route=\/wp\/v2\/posts"}],"about":[{"href":"http:\/\/niecodziennosc.kubic.info\/index.php?rest_route=\/wp\/v2\/types\/post"}],"author":[{"embeddable":true,"href":"http:\/\/niecodziennosc.kubic.info\/index.php?rest_route=\/wp\/v2\/users\/1"}],"replies":[{"embeddable":true,"href":"http:\/\/niecodziennosc.kubic.info\/index.php?rest_route=%2Fwp%2Fv2%2Fcomments&post=8584"}],"version-history":[{"count":0,"href":"http:\/\/niecodziennosc.kubic.info\/index.php?rest_route=\/wp\/v2\/posts\/8584\/revisions"}],"wp:attachment":[{"href":"http:\/\/niecodziennosc.kubic.info\/index.php?rest_route=%2Fwp%2Fv2%2Fmedia&parent=8584"}],"wp:term":[{"taxonomy":"category","embeddable":true,"href":"http:\/\/niecodziennosc.kubic.info\/index.php?rest_route=%2Fwp%2Fv2%2Fcategories&post=8584"},{"taxonomy":"post_tag","embeddable":true,"href":"http:\/\/niecodziennosc.kubic.info\/index.php?rest_route=%2Fwp%2Fv2%2Ftags&post=8584"}],"curies":[{"name":"wp","href":"https:\/\/api.w.org\/{rel}","templated":true}]}}