{"id":8600,"date":"2006-08-28T22:06:38","date_gmt":"2006-08-28T20:06:38","guid":{"rendered":"http:\/\/niecodziennosc.kubic.info\/index.php\/2006\/08\/28\/bardziej-od-nas-wyrozumialy\/"},"modified":"2006-08-28T22:06:38","modified_gmt":"2006-08-28T20:06:38","slug":"bardziej-od-nas-wyrozumialy","status":"publish","type":"post","link":"http:\/\/niecodziennosc.kubic.info\/?p=8600","title":{"rendered":"Bardziej od nas wyrozumia\u0142y&#8230;"},"content":{"rendered":"<p><font size=\"2\">R&oacute;\u017cnie my\u015blimy o Bogu. Raz dzi\u0119kujemy mu w chwilach wielkiej rado\u015bci, szcz\u0119\u015bcia. Innym razem nie my\u015blimy o Nim zbyt cz\u0119sto. Czasem zastanawiamy si\u0119 czy istnieje, pomimo dowod&oacute;w, kt&oacute;re kiedy\u015b by\u0142y dla nas oczywiste. S\u0105 chwile, kiedy b\u0142agamy Go o pomoc albo prosimy o rad\u0119, w chwilach dramatycznych, na rozstajach dr&oacute;g \u017cycia, wtedy, kiedy nagle Go potrzebujemy.&nbsp;<\/font><\/p>\n<p><font size=\"2\">Czy kto\u015b, kto rzadko pami\u0119ta o Bogu, ma prawo prosi\u0107 Go o pomoc albo rad\u0119, gdy wreszcie poczuje si\u0119 bezradny i ma\u0142y&#8230;? Nie ma prawa &#8211; \u0142atwo powiedzie\u0107. To brak konsekwencji, instrumentalne traktowanie Jego, wreszcie zwyk\u0142y brak klasy.&nbsp;<\/font><\/p>\n<p><font size=\"2\">A jednak, chyba nawet w takich chwilach, On jest sk\u0142onny cho\u0107 w cz\u0119\u015bci nas wys\u0142ucha\u0107&#8230; Cho\u0107 troch\u0119 pom&oacute;c, nawet za to niedowiarstwo, ch\u0142&oacute;d, kt&oacute;rym czasem Go traktujemy, mo\u017ce zapomnienie&#8230;<\/font><\/p>\n<p><font size=\"2\">Jest bardziej cierpliwy, wyrozumia\u0142y, ni\u017c na to zas\u0142ugujemy&#8230;. Wierz\u0119 w to&#8230; Mam nadziej\u0119&#8230;<br \/><\/font><\/p>\n","protected":false},"excerpt":{"rendered":"<p><font ...\n<\/p>\n","protected":false},"author":1,"featured_media":0,"comment_status":"open","ping_status":"open","sticky":false,"template":"","format":"standard","meta":{"footnotes":""},"categories":[130],"tags":[],"_links":{"self":[{"href":"http:\/\/niecodziennosc.kubic.info\/index.php?rest_route=\/wp\/v2\/posts\/8600"}],"collection":[{"href":"http:\/\/niecodziennosc.kubic.info\/index.php?rest_route=\/wp\/v2\/posts"}],"about":[{"href":"http:\/\/niecodziennosc.kubic.info\/index.php?rest_route=\/wp\/v2\/types\/post"}],"author":[{"embeddable":true,"href":"http:\/\/niecodziennosc.kubic.info\/index.php?rest_route=\/wp\/v2\/users\/1"}],"replies":[{"embeddable":true,"href":"http:\/\/niecodziennosc.kubic.info\/index.php?rest_route=%2Fwp%2Fv2%2Fcomments&post=8600"}],"version-history":[{"count":0,"href":"http:\/\/niecodziennosc.kubic.info\/index.php?rest_route=\/wp\/v2\/posts\/8600\/revisions"}],"wp:attachment":[{"href":"http:\/\/niecodziennosc.kubic.info\/index.php?rest_route=%2Fwp%2Fv2%2Fmedia&parent=8600"}],"wp:term":[{"taxonomy":"category","embeddable":true,"href":"http:\/\/niecodziennosc.kubic.info\/index.php?rest_route=%2Fwp%2Fv2%2Fcategories&post=8600"},{"taxonomy":"post_tag","embeddable":true,"href":"http:\/\/niecodziennosc.kubic.info\/index.php?rest_route=%2Fwp%2Fv2%2Ftags&post=8600"}],"curies":[{"name":"wp","href":"https:\/\/api.w.org\/{rel}","templated":true}]}}