{"id":8601,"date":"2006-08-24T00:29:01","date_gmt":"2006-08-23T22:29:01","guid":{"rendered":"http:\/\/niecodziennosc.kubic.info\/index.php\/2006\/08\/24\/z-fotografia-naprzod\/"},"modified":"2006-08-24T00:29:01","modified_gmt":"2006-08-23T22:29:01","slug":"z-fotografia-naprzod","status":"publish","type":"post","link":"http:\/\/niecodziennosc.kubic.info\/?p=8601","title":{"rendered":"Z fotografi\u0105 &#8211; naprz\u00f3d"},"content":{"rendered":"<p><font size=\"2\">Uda\u0142o si\u0119 wreszcie &#8211; zacz\u0105\u0142em tworzy\u0107 w\u0142asn\u0105 stron\u0119 ze zdj\u0119ciami. Strona www to oczywi\u015bcie tylko cz\u0119\u015b\u0107 przedsi\u0119wzi\u0119cia&#8230; raczej wska\u017anik czego\u015b, co dzieje si\u0119 w moim \u017cyciu&#8230;<\/p>\n<p>Z pewno\u015bci\u0105 podoba mi si\u0119 chwytanie moment\u00f3w w kadrze. Chwytanie ulotno\u015bci wymaga jej dostrzegania. Poszukiwanie temat\u00f3w, zw\u0142aszcza blisko zwi\u0105zanych z lud\u017ami &#8211; szalenie rozwija, pozwala zrozumie\u0107 innych, jest po prostu fascynuj\u0105ce, jest super. Fotograf mo\u017ce mie\u0107 ogromny potencja\u0142 wp\u0142ywu na rzeczywisto\u015b\u0107. Mnie interesuje taki wp\u0142yw na ludzi, aby oni otwierali swoje wn\u0119trze i pokazywali najdrobniejsze odcienie swoich uczu\u0107, osobowo\u015bci. Fotograf mo\u017ce dzia\u0142a\u0107 jak katalizator, uwalniaj\u0105c te uczucia, prowokuj\u0105c do nich. Kiedy widzisz, \u017ce cz\u0142owiek otwiera si\u0119 na ciebie, wystarczy tylko naciska\u0107 na spust migawki&#8230; A wtedy oni sami s\u0105 zdziwieni, bo takimi siebie nie znali, nie widzieli&#8230; Nie zauwa\u017cyli tej chwili&#8230;<\/p>\n<p>To ciekawe, ale na mojej stronie www nie ma na razie tego, czym najbardziej \u017cyj\u0119 w fotografii. Mo\u017ce w\u0142a\u015bnie to jest najmniej medialne. Ale my\u015bl\u0119, \u017ce znajdzie si\u0119 w ko\u0144cu. Potrzebuj\u0119 tylko wi\u0119cej poszukiwa\u0144. Na razie &#8211; to raczej warsztatowe wprawki&#8230;<\/p>\n<p>Zostawiam Was z adresem mojej strony <a href=\"http:\/\/www.kubic.info\/\">Moje fotografie<\/a> oraz ze zdj\u0119ciem mojej c\u00f3rki. <br \/>Hm&#8230; Ona wcale taka nie jest &#8211; Sara, moja c\u00f3rka. Na zdj\u0119ciu&#8230; &#8211; czy to inne dziecko? Nie, mo\u017ce raczej uchwycona w\u0142a\u015bnie w tym kr\u00f3tkim momencie, &quot;innym&quot; momencie&#8230; Nie wiem. Ale to niewa\u017cne. Mo\u017ce wa\u017cne jest w\u0142a\u015bnie to, \u017ceby stworzy\u0107 troch\u0119 &quot;inn\u0105 rzeczywisto\u015b\u0107&quot;&#8230;<\/p>\n<p><img decoding=\"async\" border=\"0\" src=\"wp-content\/uploads\/2019\/03\/IMG_810101.jpg\" alt=\"\" \/><br \/><\/font><\/p>\n","protected":false},"excerpt":{"rendered":"<p><font size=\"2\">Uda\u0142o si\u0119&#8230;<\/p>\n","protected":false},"author":1,"featured_media":0,"comment_status":"open","ping_status":"open","sticky":false,"template":"","format":"standard","meta":{"footnotes":""},"categories":[35],"tags":[],"_links":{"self":[{"href":"http:\/\/niecodziennosc.kubic.info\/index.php?rest_route=\/wp\/v2\/posts\/8601"}],"collection":[{"href":"http:\/\/niecodziennosc.kubic.info\/index.php?rest_route=\/wp\/v2\/posts"}],"about":[{"href":"http:\/\/niecodziennosc.kubic.info\/index.php?rest_route=\/wp\/v2\/types\/post"}],"author":[{"embeddable":true,"href":"http:\/\/niecodziennosc.kubic.info\/index.php?rest_route=\/wp\/v2\/users\/1"}],"replies":[{"embeddable":true,"href":"http:\/\/niecodziennosc.kubic.info\/index.php?rest_route=%2Fwp%2Fv2%2Fcomments&post=8601"}],"version-history":[{"count":0,"href":"http:\/\/niecodziennosc.kubic.info\/index.php?rest_route=\/wp\/v2\/posts\/8601\/revisions"}],"wp:attachment":[{"href":"http:\/\/niecodziennosc.kubic.info\/index.php?rest_route=%2Fwp%2Fv2%2Fmedia&parent=8601"}],"wp:term":[{"taxonomy":"category","embeddable":true,"href":"http:\/\/niecodziennosc.kubic.info\/index.php?rest_route=%2Fwp%2Fv2%2Fcategories&post=8601"},{"taxonomy":"post_tag","embeddable":true,"href":"http:\/\/niecodziennosc.kubic.info\/index.php?rest_route=%2Fwp%2Fv2%2Ftags&post=8601"}],"curies":[{"name":"wp","href":"https:\/\/api.w.org\/{rel}","templated":true}]}}