{"id":8602,"date":"2006-08-23T22:23:09","date_gmt":"2006-08-23T20:23:09","guid":{"rendered":"http:\/\/niecodziennosc.kubic.info\/index.php\/2006\/08\/23\/harowka-albo-laba\/"},"modified":"2006-08-23T22:23:09","modified_gmt":"2006-08-23T20:23:09","slug":"harowka-albo-laba","status":"publish","type":"post","link":"http:\/\/niecodziennosc.kubic.info\/?p=8602","title":{"rendered":"Har\u00f3wka albo laba"},"content":{"rendered":"<p><font size=\"2\">Trudno jest mi \u017cy\u0107 po\u015brodku. Zabieraj\u0105c si\u0119 do pracy szukam fascynacji, a znalaz\u0142szy j\u0105 &#8211; pozwalam jej wykorzysta\u0107 mnie do ko\u0144ca. To znaczy do momentu, w kt\u00f3rym zm\u0119czenie za\u0142amie moje zdrowie. Ulubiony cykl pracy &#8211; 3-4 dni zatopienia si\u0119 w problemach, ale p\u00f3\u017aniej &#8211; wzlecenie do innego \u015bwiata&#8230;<\/p>\n<p>Dzi\u015b przesiedzia\u0142em przy komputerze kilkana\u015bcie godzin. Nadrabiam dni totalnego lenistwa. A mo\u017ce nie lenistwa? Przez tamte dni uk\u0142ada\u0142em sobie w g\u0142owie to, co chc\u0119 osi\u0105gn\u0105\u0107, do czego chc\u0119 d\u0105\u017cy\u0107. Teraz, powoli, wszed\u0142em w realizacj\u0119&#8230; To w zasadzie ostatnie dni mojego urlopu. Ale zanim wpadn\u0119 w wir najemnej pracy &#8211; ostatnie g\u0142\u0119bokie wdechy. Jak p\u0142ywak, kt\u00f3re wie, \u017ce musi nabra\u0107 powietrza aby starczy\u0142o na jak najd\u0142u\u017cej&#8230;<\/p>\n<p>S\u0105 rzeczy, z kt\u00f3rymi ci\u0105gle w sobie walcz\u0119. Po pierwsze, z najwi\u0119kszym problemem &#8211; uczuciem wewn\u0119trznego napi\u0119cia. Moje \u017cycie to ci\u0105g\u0142e poszukiwanie jego przyczyn&#8230; I znajduj\u0119 bardzo r\u00f3\u017cne &#8211; od zwyk\u0142ego zm\u0119czenia, a nawet np. zatrucia pokarmowego, a\u017c do napi\u0119cia &quot;tw\u00f3rczego&quot; w kt\u00f3rym pr\u00f3buj\u0119 zg\u0142\u0119bi\u0107 nieznan\u0105 cz\u0119\u015b\u0107 rzeczywisto\u015bci&#8230; mnie samego&#8230; ludzi wok\u00f3\u0142&#8230; <\/p>\n<p>A jednak &#8211; bez napi\u0119cia nie ma \u017cycia&#8230; Przynajmniej w moim przypadku. Jestem jedn\u0105 wielk\u0105 emocj\u0105, kt\u00f3r\u0105 pr\u00f3buje uje\u017cd\u017ca\u0107, jak dzikiego konia, intelektualna cz\u0119\u015b\u0107 mojej osobowo\u015bci. <\/p>\n<p>Zmuszam si\u0119, \u017ceby odej\u015b\u0107 od komputera, ale moja emocjonalna cz\u0119\u015b\u0107 ci\u0105gle wymy\u015bla jakie\u015b preteksty&#8230; Spr\u00f3buj\u0119 jeszcze raz&#8230; \u017byczcie mi powodzenia&#8230;<br \/><\/font><\/p>\n","protected":false},"excerpt":{"rendered":"<p><font size=\"2\">Trudno &#8230;<\/p>\n","protected":false},"author":1,"featured_media":0,"comment_status":"open","ping_status":"open","sticky":false,"template":"","format":"standard","meta":{"footnotes":""},"categories":[50],"tags":[],"_links":{"self":[{"href":"http:\/\/niecodziennosc.kubic.info\/index.php?rest_route=\/wp\/v2\/posts\/8602"}],"collection":[{"href":"http:\/\/niecodziennosc.kubic.info\/index.php?rest_route=\/wp\/v2\/posts"}],"about":[{"href":"http:\/\/niecodziennosc.kubic.info\/index.php?rest_route=\/wp\/v2\/types\/post"}],"author":[{"embeddable":true,"href":"http:\/\/niecodziennosc.kubic.info\/index.php?rest_route=\/wp\/v2\/users\/1"}],"replies":[{"embeddable":true,"href":"http:\/\/niecodziennosc.kubic.info\/index.php?rest_route=%2Fwp%2Fv2%2Fcomments&post=8602"}],"version-history":[{"count":0,"href":"http:\/\/niecodziennosc.kubic.info\/index.php?rest_route=\/wp\/v2\/posts\/8602\/revisions"}],"wp:attachment":[{"href":"http:\/\/niecodziennosc.kubic.info\/index.php?rest_route=%2Fwp%2Fv2%2Fmedia&parent=8602"}],"wp:term":[{"taxonomy":"category","embeddable":true,"href":"http:\/\/niecodziennosc.kubic.info\/index.php?rest_route=%2Fwp%2Fv2%2Fcategories&post=8602"},{"taxonomy":"post_tag","embeddable":true,"href":"http:\/\/niecodziennosc.kubic.info\/index.php?rest_route=%2Fwp%2Fv2%2Ftags&post=8602"}],"curies":[{"name":"wp","href":"https:\/\/api.w.org\/{rel}","templated":true}]}}