{"id":8614,"date":"2006-05-19T22:58:01","date_gmt":"2006-05-19T20:58:01","guid":{"rendered":"http:\/\/niecodziennosc.kubic.info\/index.php\/2006\/05\/19\/wkraczam-w-wiek-sredni\/"},"modified":"2006-05-19T22:58:01","modified_gmt":"2006-05-19T20:58:01","slug":"wkraczam-w-wiek-sredni","status":"publish","type":"post","link":"http:\/\/niecodziennosc.kubic.info\/?p=8614","title":{"rendered":"Wkraczam w wiek \u015bredni&#8230;?"},"content":{"rendered":"<p><font size=\"2\">Maj\u0105c trzydzie\u015bci cztery lata wkroczy\u0142em, zdaje si\u0119, w wiek \u015bredni. P\u00f3\u017ano, to prawda, ale ja i tak p\u00f3\u017ano przechodzi\u0142em etapy, kt\u00f3re inni pokonywali do\u015b\u0107 szybko. Dlaczego wiek \u015bredni, dlaczego dopiero teraz&#8230;? <\/p>\n<p>Widz\u0119 zmiany na kilku moich frontach, zmiany na razie na tyle subtelne, \u017ce mo\u017ce i z zewn\u0105trz niewidoczne&#8230; Przyczyni\u0142a si\u0119 do nich moja c\u00f3rka, z pewno\u015bci\u0105. Powsta\u0142o nowe odczucie, nowa aura jaka\u015b, wydoby\u0142a si\u0119 z g\u0142\u0119bin warto\u015b\u0107, kt\u00f3r\u0105 z pewno\u015bci\u0105 zna\u0142em teoretycznie, ale teraz dotkn\u0119\u0142a mnie dostrzegalnie. Wraz z fascynacj\u0105 tworz\u0105cym si\u0119 cz\u0142owiekiem, kt\u00f3remu oboj\u0119tny jest stan posiadania kogokolwiek, za to kt\u00f3ry ca\u0142ym sob\u0105 docenia uczucie, nadesz\u0142a zgoda na to, \u017ce moje wp\u0142ywy materialne nie powi\u0119ksz\u0105 si\u0119 znacz\u0105co &#8211; mo\u017ce ju\u017c nigdy. <\/p>\n<p>Do tej pory poch\u0142ania\u0142em wszystko, co ciekawe w nadziei, \u017ce wkr\u00f3tce apetyt ten przyniesie coraz lepiej p\u0142atn\u0105 prac\u0119. Naiwnie, bo cz\u0119sto to, co dobrze p\u0142atne, wcale nie jest ciekawe. Zaniedbywa\u0142em \u017cycie towarzyskie czekaj\u0105c na dzie\u0144, w kt\u00f3rym realna stanie si\u0119 nadzieja na w\u0142asne mieszkanie dla mojej rodziny, na brak zmartwie\u0144, \u017ce np. w samochodzie trzeba wymieni\u0107 zawieszesznie za 400 z\u0142.  Od niedawna zacz\u0105\u0142em si\u0119 godzi\u0107 z tym, \u017ce ta nadzieja mo\u017ce nigdy nie nadej\u015b\u0107. Lecz za to &#8211; przysz\u0142a rado\u015b\u0107 ze wsp\u00f3lnego bycia, z u\u015bmiechu, jaki posy\u0142am moim bliskim i znajomym. U\u015bmiechu, kt\u00f3ry mo\u017cna przes\u0142a\u0107, poniewa\u017c nie jest si\u0119 kra\u0144cowo zm\u0119czonym. <\/p>\n<p><\/font><\/p>\n<div style=\"text-align: left;\"><font size=\"2\">Wkroczy\u0142em w wiek \u015bredni, bo czuj\u0119, \u017ce grubn\u0119 \ud83d\ude09 Tak tak, tego mo\u017ce jeszcze nie wida\u0107, ale&#8230; Zaczynam je\u015b\u0107 tylko dla przyjemno\u015bci (kiedy\u015b &#8211; bardzo rzadko), r\u00f3wnie\u017c dla odpr\u0119\u017cenia. Zacz\u0105\u0142em godzi\u0107 si\u0119 z tym, \u017ce nie uprawiam sportu, nie wyrzucam z siebie stresu wraz z potem. Jeszcze do niedawna bardzo mi tego brakowa\u0142o, a teraz &#8211; coraz mniej. <\/font><\/div>\n<p><font size=\"2\"><br \/>Wkroczy\u0142em w wiek \u015bredni, bo widz\u0119 niebezpiecze\u0144stwo rutyny, i popadni\u0119cia w z pozoru niewinne uzale\u017cnienia. Piwko albo wino ka\u017cdego wieczoru&#8230;? To ciekawe, ale nigdy wcze\u015bniej nie obawia\u0142em si\u0119 na powa\u017cnie \u017cadnego uzale\u017cnienia. <\/font><font size=\"2\">Teraz widz\u0119, \u017ce ono mog\u0142oby by\u0107 mo\u017cliwe. <\/font><font size=\"2\"><\/p>\n<p>Zacz\u0105\u0142em si\u0119 godzi\u0107 z tym, \u017ce za bardzo ju\u017c siebie nie zmieni\u0119, wi\u0119c szkoda si\u0119 stara\u0107&#8230; Trzeba wi\u0119c podj\u0105\u0107 walk\u0119 na nowo&#8230;<\/p>\n<p>A jednak jest co\u015b b\u0142ogos\u0142awionego w stabilizacji, zw\u0142aszcza dla cz\u0142owieka, kt\u00f3ry zawsze stara\u0142 si\u0119 nie robi\u0107 niczego dwa razy tak samo. Wi\u0119cej spokoju, zaufania innych. <br \/> <\/font><\/p>\n","protected":false},"excerpt":{"rendered":"<p><font size=\"2\">Maj\u0105c &#8230;<\/p>\n","protected":false},"author":1,"featured_media":0,"comment_status":"open","ping_status":"open","sticky":false,"template":"","format":"standard","meta":{"footnotes":""},"categories":[50],"tags":[],"_links":{"self":[{"href":"http:\/\/niecodziennosc.kubic.info\/index.php?rest_route=\/wp\/v2\/posts\/8614"}],"collection":[{"href":"http:\/\/niecodziennosc.kubic.info\/index.php?rest_route=\/wp\/v2\/posts"}],"about":[{"href":"http:\/\/niecodziennosc.kubic.info\/index.php?rest_route=\/wp\/v2\/types\/post"}],"author":[{"embeddable":true,"href":"http:\/\/niecodziennosc.kubic.info\/index.php?rest_route=\/wp\/v2\/users\/1"}],"replies":[{"embeddable":true,"href":"http:\/\/niecodziennosc.kubic.info\/index.php?rest_route=%2Fwp%2Fv2%2Fcomments&post=8614"}],"version-history":[{"count":0,"href":"http:\/\/niecodziennosc.kubic.info\/index.php?rest_route=\/wp\/v2\/posts\/8614\/revisions"}],"wp:attachment":[{"href":"http:\/\/niecodziennosc.kubic.info\/index.php?rest_route=%2Fwp%2Fv2%2Fmedia&parent=8614"}],"wp:term":[{"taxonomy":"category","embeddable":true,"href":"http:\/\/niecodziennosc.kubic.info\/index.php?rest_route=%2Fwp%2Fv2%2Fcategories&post=8614"},{"taxonomy":"post_tag","embeddable":true,"href":"http:\/\/niecodziennosc.kubic.info\/index.php?rest_route=%2Fwp%2Fv2%2Ftags&post=8614"}],"curies":[{"name":"wp","href":"https:\/\/api.w.org\/{rel}","templated":true}]}}