{"id":8615,"date":"2006-05-01T00:55:45","date_gmt":"2006-04-30T22:55:45","guid":{"rendered":"http:\/\/niecodziennosc.kubic.info\/index.php\/2006\/05\/01\/zazdroszcze-rozwoju\/"},"modified":"2006-05-01T00:55:45","modified_gmt":"2006-04-30T22:55:45","slug":"zazdroszcze-rozwoju","status":"publish","type":"post","link":"http:\/\/niecodziennosc.kubic.info\/?p=8615","title":{"rendered":"Zazdroszcz\u0119 rozwoju"},"content":{"rendered":"<p><font size=\"2\">Czytam m\u00f3j poprzedni wpis, zako\u0144czony troch\u0119 melodramatycznie&#8230; Nawet, je\u015bli prawdziwie. Dzi\u0119kuj\u0119 Oli za kilka s\u0142\u00f3w&#8230; To mi\u0142e, jaka\u015b my\u015bl kogo\u015b innego wy\u0142ania si\u0119 z ciemno\u015bci, na chwil\u0119, zab\u0142y\u015bnie&#8230; \ud83d\ude42<\/p>\n<p>Czytam ostatnie zdanie mojego ostatniego wpisu. Tacy\u015bmy ju\u017c &#8211; skazani na p\u00f3\u0142kroczenie p\u00f3\u0142drogami. Troch\u0119 tutaj, troch\u0119 tam. Potrzeba nie pyta o sens&#8230;  niekoniecznie musisz szuka\u0107 logicznego usprawiedliwienia. A je\u015bli to co\u015b mo\u017ce by\u0107 po\u017cyteczne dla innych&#8230; <\/p>\n<p><\/font><font size=\"2\"><img decoding=\"async\" border=\"0\" alt=\"\" src=\"wp-content\/uploads\/2019\/03\/sara22m.jpg\" \/><\/font><br \/><font size=\"2\"><br \/>Dzi\u015b troch\u0119 realizmu. Zalicza si\u0119 do niego moja c\u00f3rka. Jest realna, ale to, co si\u0119 z ni\u0105 dzieje, i to &quot;zakrzywienie czasoprzestrzeni&quot; kt\u00f3re powstaje wok\u00f3\u0142 niej, zakrawa na najpi\u0119kni\u0119jsz\u0105 bajk\u0119. Bajk\u0119, kt\u00f3rej nigdy bym nie prze\u017cy\u0142, gdyby nie ona. <\/p>\n<p>Zazdroszcz\u0119 jej. Dobrego nastroju, czystego u\u015bmiechu, bez dwuznaczno\u015bci, podtekst\u00f3w. Ale najbardziej zazdroszcz\u0119 jej rozwoju, post\u0119pu. Dziecko wykonuje ogromn\u0105 prac\u0119, dotykaj\u0105c wszystkiego dooko\u0142a, podnosz\u0105c si\u0119 na czworaki, podci\u0105gaj\u0105c na r\u0119kach. Poszukuj\u0105c sposobu jak samemu zej\u015b\u0107 z sofy. W tych jej wysi\u0142kach widz\u0119 moje w\u0142asne &#8211; tyle tylko, \u017ce innego kalibru &#8211; moje tera\u017aniejsze, z wczoraj, z dzisiaj. Problemy o innej skali, bardziej abstrakcyjne, ale przecie\u017c i ja szukam&#8230; Co\u015b nowego do poznania, zbadania, nowy problem&#8230; Ona mnie prze\u015bciga w tempie nauki, i tego jej zazdroszcz\u0119. <\/p>\n<p><\/font><font size=\"2\"><img decoding=\"async\" border=\"0\" alt=\"\" src=\"wp-content\/uploads\/2019\/03\/sara32m.jpg\" \/><\/font><font size=\"2\"><\/p>\n<p>Dotykam tajemnicy \u017cycia. Obok siebie mam rozwijaj\u0105c\u0105 si\u0119 \u015bwiadomo\u015b\u0107, now\u0105 istot\u0119, do kt\u00f3rej nigdy nie b\u0119d\u0119 m\u00f3g\u0142 do ko\u0144ca zagl\u0105dn\u0105\u0107. Do kt\u00f3rej nie mam prawa w\u0142asno\u015bci, cho\u0107 wobec kt\u00f3rej mam obowi\u0105zki. Nie nazwa\u0142bym ich nawet rodzicielskimi, to obowi\u0105zki po prostu ludzkie, jakie nale\u017ca\u0142yby si\u0119 ka\u017cdej bezradnej istocie, z kt\u00f3r\u0105 zwi\u0105za\u0142oby mnie \u017cycie. Obowi\u0105zek pokazania, \u017ce \u017cycie jest pi\u0119kne. <\/p>\n<p><img decoding=\"async\" border=\"0\" alt=\"\" src=\"wp-content\/uploads\/2019\/03\/sara42m.jpg\" \/><\/p>\n<p><\/font><\/p>\n","protected":false},"excerpt":{"rendered":"<p><font size=\"2\">Czytam &#8230;<\/p>\n","protected":false},"author":1,"featured_media":0,"comment_status":"open","ping_status":"open","sticky":false,"template":"","format":"standard","meta":{"footnotes":""},"categories":[469],"tags":[],"_links":{"self":[{"href":"http:\/\/niecodziennosc.kubic.info\/index.php?rest_route=\/wp\/v2\/posts\/8615"}],"collection":[{"href":"http:\/\/niecodziennosc.kubic.info\/index.php?rest_route=\/wp\/v2\/posts"}],"about":[{"href":"http:\/\/niecodziennosc.kubic.info\/index.php?rest_route=\/wp\/v2\/types\/post"}],"author":[{"embeddable":true,"href":"http:\/\/niecodziennosc.kubic.info\/index.php?rest_route=\/wp\/v2\/users\/1"}],"replies":[{"embeddable":true,"href":"http:\/\/niecodziennosc.kubic.info\/index.php?rest_route=%2Fwp%2Fv2%2Fcomments&post=8615"}],"version-history":[{"count":0,"href":"http:\/\/niecodziennosc.kubic.info\/index.php?rest_route=\/wp\/v2\/posts\/8615\/revisions"}],"wp:attachment":[{"href":"http:\/\/niecodziennosc.kubic.info\/index.php?rest_route=%2Fwp%2Fv2%2Fmedia&parent=8615"}],"wp:term":[{"taxonomy":"category","embeddable":true,"href":"http:\/\/niecodziennosc.kubic.info\/index.php?rest_route=%2Fwp%2Fv2%2Fcategories&post=8615"},{"taxonomy":"post_tag","embeddable":true,"href":"http:\/\/niecodziennosc.kubic.info\/index.php?rest_route=%2Fwp%2Fv2%2Ftags&post=8615"}],"curies":[{"name":"wp","href":"https:\/\/api.w.org\/{rel}","templated":true}]}}