{"id":8634,"date":"2005-12-18T23:06:13","date_gmt":"2005-12-18T22:06:13","guid":{"rendered":"http:\/\/niecodziennosc.kubic.info\/index.php\/2005\/12\/18\/nie-o-polityce-mialem-pisac\/"},"modified":"2005-12-18T23:06:13","modified_gmt":"2005-12-18T22:06:13","slug":"nie-o-polityce-mialem-pisac","status":"publish","type":"post","link":"http:\/\/niecodziennosc.kubic.info\/?p=8634","title":{"rendered":"Nie o polityce &#8211; mia\u0142em pisa\u0107&#8230;"},"content":{"rendered":"<p><font size=\"2\">Zastanawiam si\u0119, czy obecnie rz\u0105dz\u0105ca w\u0142adza rzeczywi\u015bcie r\u00f3\u017cni si\u0119 od poprzednich, czy to tylko ja ostatnio zacz\u0105\u0142em co\u015b wi\u0119cej rozumie\u0107 z polityki&#8230; Pisz\u0119 dzi\u015b o tym poniewa\u017c to co widz\u0119, jest dla mnie&#8230; zastraszaj\u0105ce&#8230;<\/p>\n<p>W zaw\u00f3d polityka niejako wpisane jest niem\u00f3wienie prawdy, a z pewno\u015bci\u0105 &#8211; niem\u00f3wienie ca\u0142ej prawdy. Szczeg\u00f3lnie w demokracji, w kt\u00f3rej to zwykli, przeci\u0119tni obywatele wybieraj\u0105 tych, co stoj\u0105 na ich czele. Od te sytuacji by\u0142by jeden wyj\u0105tek &#8211; gdyby wyborcy byli na tyle dojrzali i \u015bwiadomi, \u017ce znie\u015bliby ka\u017cd\u0105, szczeg\u00f3lnie t\u0119 niemi\u0142\u0105 dla nich wiadomo\u015b\u0107, dotycz\u0105c\u0105 przykrych konieczno\u015bci podejmowanych dla ich dobra. By\u0142by to idea\u0142, kt\u00f3ry, niestety, wydaje si\u0119 daleki od rzeczywisto\u015bci. <\/p>\n<p>Tak wi\u0119c politycy musz\u0105 ukrywa\u0107, pomija\u0107 pewne prawdy, musz\u0105 nawet k\u0142ama\u0107. Jest to niejako konieczno\u015b\u0107 systemu demokratycznego, w kt\u00f3rym polityk musi wznie\u015b\u0107 si\u0119 ponad przeci\u0119tno\u015b\u0107 wyborc\u00f3w.<\/p>\n<p>Z drugiej strony idea\u0142em by\u0142by, gdyby politycy, nawet je\u015bli musz\u0105 zwodzi\u0107, robili to wy\u0142\u0105cznie dla dobra obywateli. Niestety, cz\u0119sto zwodz\u0105 opini\u0119 publiczn\u0105 tylko dla swojego dobra. Odr\u00f3\u017cnienie tych dw\u00f3ch zwodze\u0144 jest rzecz\u0105 trudn\u0105 i niemo\u017cliw\u0105 do 100% realizacji. <\/p>\n<p>Patrz\u0105c na obecn\u0105 sytuacj\u0119 w Polsce zastanawiam si\u0119, o kt\u00f3re z tych zwodze\u0144 chodzi. Rozumiem, \u017ce trzeba mie\u0107 w\u0142adz\u0119, \u017ceby zaprowadzi\u0107 porz\u0105dek. Trzeba mie\u0107 wp\u0142yw, \u017ceby uzdrawia\u0107 nadpsute morale polityki, urz\u0119d\u00f3w i spo\u0142ecze\u0144stwa. Czy jednak uzykiwanie tego wp\u0142ywu poprzez si\u0119ganie do centr\u00f3w, kt\u00f3re s\u0105 wyrzutem dla Ko\u015bcio\u0142a i dla trybuna\u0142\u00f3w sprawiedliwo\u015bci, mo\u017ce u\u015bwi\u0119ci\u0107 cel, jakim jest przysz\u0142a naprawa moralna organ\u00f3w pa\u0144stwa?<\/p>\n<p>Takiej schizofrenii jeszcze nie prze\u017cy\u0142em, by\u0107 mo\u017ce dlatego, \u017ce nie pami\u0119tam czas\u00f3w socjalizmu. Ale wydaje mi si\u0119, \u017ce nawet tamci troch\u0119 bardziej ukrywali i udawali, lepiej pozoruj\u0105c szlachetno\u015b\u0107 idei i dzia\u0142a\u0144. Wydaje mi si\u0119 r\u00f3wnie\u017c, \u017ce poprzednicy obecnego rz\u0105du zwodzili w bardziej elegancki spos\u00f3b. Obecni &#8211; robi\u0105 to grubymi jak liny okr\u0119towe ni\u0107mi. <\/p>\n<p>Si\u0119ganie do populizmu pr\u0119dzej czy p\u00f3\u017aniej ko\u0144czy si\u0119 po\u017carciem przez masy. Si\u0119ganie do dyktatury &#8211; r\u00f3wnie\u017c. Nadzieja, \u017ce jedna partia, nie dopuszczaj\u0105ca do zaistnienia zdrowych opinii krytycznych ze strony opozycji, jest zdolna prosto poprowadzi\u0107 pa\u0144stwo, jest w 90% mrzonk\u0105. \u017beby by\u0107 Pi\u0142sudskim, trzeba co\u015b sob\u0105 reprezentowa\u0107. Co reprezentuje sob\u0105 m\u0105\u017c stanu schlebiaj\u0105cy ksenofobii, reklamuj\u0105cy si\u0119 w mediach, kt\u00f3re s\u0105 wstydem naszego spo\u0142ecze\u0144stwa, podejmuj\u0105cy wsp\u00f3\u0142prac\u0119 z kim\u015b, kogo deklarowa\u0142 przywo\u0142ywa\u0107 do porz\u0105dku?<\/p>\n<p>Na koniec &#8211; wspomnienie. Przed ostatnimi wyborami do Sejmu, jad\u0105c w nocy do domu, s\u0142ucha\u0142em radiowych program\u00f3w wyborczych. W\u015br\u00f3d nich uj\u0105\u0142 mnie jeden cz\u0142owiek. Panowie politycy, wasze programy wyborcze, pe\u0142ne piosenek, efekt\u00f3w d\u017awi\u0119kowych, anegdot itp s\u0105 niczym wobec wyst\u0105pienia jednego z was &#8211; Andrzeja Leppera. To kto\u015b, kto przemawia do ludzi, do ich serca, wsp\u00f3\u0142czuje im, rozumie ich. Oczywi\u015bcie w mowie. To cz\u0142owiek, kt\u00f3remu s\u0142owa same p\u0142yn\u0105 przez usta &#8211; nie odczytywane z kartki ani powtarzane do sztuczno\u015bci w zaciszu studi\u00f3w nagra\u0144. Nie wnikam w sens jego s\u0142\u00f3w &#8211; i wnika\u0107 jest zb\u0119dne, gdy\u017c on nie ma wi\u0119kszego znaczenia. I to w\u0142a\u015bnie robi wra\u017cnie w Polsce, gdy\u017c tak niewielu jest tych, co sens zdo\u0142aj\u0105 oceni\u0107. <br \/><\/font><\/p>\n","protected":false},"excerpt":{"rendered":"<p><font ...\n<\/p>\n","protected":false},"author":1,"featured_media":0,"comment_status":"open","ping_status":"open","sticky":false,"template":"","format":"standard","meta":{"footnotes":""},"categories":[50],"tags":[],"_links":{"self":[{"href":"http:\/\/niecodziennosc.kubic.info\/index.php?rest_route=\/wp\/v2\/posts\/8634"}],"collection":[{"href":"http:\/\/niecodziennosc.kubic.info\/index.php?rest_route=\/wp\/v2\/posts"}],"about":[{"href":"http:\/\/niecodziennosc.kubic.info\/index.php?rest_route=\/wp\/v2\/types\/post"}],"author":[{"embeddable":true,"href":"http:\/\/niecodziennosc.kubic.info\/index.php?rest_route=\/wp\/v2\/users\/1"}],"replies":[{"embeddable":true,"href":"http:\/\/niecodziennosc.kubic.info\/index.php?rest_route=%2Fwp%2Fv2%2Fcomments&post=8634"}],"version-history":[{"count":0,"href":"http:\/\/niecodziennosc.kubic.info\/index.php?rest_route=\/wp\/v2\/posts\/8634\/revisions"}],"wp:attachment":[{"href":"http:\/\/niecodziennosc.kubic.info\/index.php?rest_route=%2Fwp%2Fv2%2Fmedia&parent=8634"}],"wp:term":[{"taxonomy":"category","embeddable":true,"href":"http:\/\/niecodziennosc.kubic.info\/index.php?rest_route=%2Fwp%2Fv2%2Fcategories&post=8634"},{"taxonomy":"post_tag","embeddable":true,"href":"http:\/\/niecodziennosc.kubic.info\/index.php?rest_route=%2Fwp%2Fv2%2Ftags&post=8634"}],"curies":[{"name":"wp","href":"https:\/\/api.w.org\/{rel}","templated":true}]}}